{"id":1340,"date":"2016-11-25T16:43:00","date_gmt":"2016-11-25T22:43:00","guid":{"rendered":"https:\/\/radiocristianaenlinea.com\/radiocristiana\/?p=1340"},"modified":"2016-11-25T16:43:00","modified_gmt":"2016-11-25T22:43:00","slug":"stephen-a-bailey-protagonista-compartio-su-experiencia-en-este-film-rc","status":"publish","type":"post","link":"https:\/\/radiocristianaenlinea.com\/radiocristiana\/2016\/11\/25\/stephen-a-bailey-protagonista-compartio-su-experiencia-en-este-film-rc\/","title":{"rendered":"Stephen A. Bailey protagonista comparti\u00f3 su experiencia en este film.(RC)"},"content":{"rendered":"<p style=\"text-align: justify;\"><strong><span style=\"color: #0000ff;\">\u201cPor Siempre\u201d, una historia real.<\/span><\/strong><br \/>\nPor Gabi Mondrag\u00f3n<br \/>\n<strong><em><span style=\"color: #333333;\">Con 14 a\u00f1os de investigaci\u00f3n, llega a M\u00e9xico una encantadora historia de la vida real.<\/span><\/em><\/strong><\/p>\n<p style=\"text-align: justify;\">\n<span style=\"color: #333333;\"><strong><span style=\"color: #000000;\"> CDMX, M\u00c9XICO (25\/NOV\/16)-<\/span><\/strong> El pasado mi\u00e9rcoles, en un cine al Sur de la Ciudad se llev\u00f3 a cabo la entrega de la nueva producci\u00f3n de Canzion Films, <strong><span style=\"color: #000080;\">\u201cPor Siempre\u201d<\/span><\/strong>. Contando con la presencia del director de<span style=\"color: #ff0000;\"> Canzion Films<\/span> Arturo<\/span><\/p>\n<p><a href=\"https:\/\/radiocristianaenlinea.com\/radiocristiana\/wp-content\/uploads\/2016\/11\/15202705_1082528395179327_1416772905881765213_n.jpg\"><img loading=\"lazy\" decoding=\"async\" class=\"alignnone size-medium wp-image-1341\" src=\"https:\/\/radiocristianaenlinea.com\/radiocristiana\/wp-content\/uploads\/2016\/11\/15202705_1082528395179327_1416772905881765213_n-300x200.jpg\" alt=\"15202705_1082528395179327_1416772905881765213_n\" width=\"300\" height=\"200\" srcset=\"https:\/\/radiocristianaenlinea.com\/radiocristiana\/wp-content\/uploads\/2016\/11\/15202705_1082528395179327_1416772905881765213_n-300x200.jpg 300w, https:\/\/radiocristianaenlinea.com\/radiocristiana\/wp-content\/uploads\/2016\/11\/15202705_1082528395179327_1416772905881765213_n-768x512.jpg 768w, https:\/\/radiocristianaenlinea.com\/radiocristiana\/wp-content\/uploads\/2016\/11\/15202705_1082528395179327_1416772905881765213_n-212x140.jpg 212w, https:\/\/radiocristianaenlinea.com\/radiocristiana\/wp-content\/uploads\/2016\/11\/15202705_1082528395179327_1416772905881765213_n-950x633.jpg 950w, https:\/\/radiocristianaenlinea.com\/radiocristiana\/wp-content\/uploads\/2016\/11\/15202705_1082528395179327_1416772905881765213_n.jpg 960w\" sizes=\"auto, (max-width: 300px) 100vw, 300px\" \/><\/a><\/p>\n<p style=\"text-align: justify;\">Allen, el director de la pel\u00edcula Michael Linn y el actor principal StephenA. Bailey, los medios de comunicaci\u00f3n y algunos invitados pudieron disfrutar de \u00e9se filme y conocer todos los detalles de \u00e9ste filme.<\/p>\n<p style=\"text-align: justify;\"><span style=\"color: #0000ff;\">\u201cYo estoy muy entusiasmado desde que escuche hablar de la pel\u00edcula por primera vez, hay muchas cosas que me llamar\u00f3n mucho la atenci\u00f3n, una de ellas fue que se tom\u00f3 14 a\u00f1os hacer. Es una historia de la vida real y durante estos 14 a\u00f1os Michael Linn se dedic\u00f3 a investigar y a entrevistar a toda la gente cercana de la familia para poder tener el gui\u00f3n\u201d<\/span> apunt\u00f3 Arturo Allen.<\/p>\n<p style=\"text-align: justify;\">\n\u201cLa primera vez que escuche la historia fue de la madre de Michael Boyum, hab\u00eda yo terminado mi pel\u00edcula anterior cuando la se\u00f1ora me contacto y me dijo que ten\u00eda una historia incre\u00edble que contarme acerca de su hijo. Acepte reunirme con ella y me di cuenta que era una historia excepcional, as\u00ed que pase esos 14 a\u00f1os haciendo entrevistas a diferentes personas, los familiares, los doctores, las enfermeras en el hospital, etc. \u00c9ste ha sido un trabajo intenso de amor, la familia est\u00e1 muy contenta y feliz por ver la aceptaci\u00f3n que est\u00e1 teniendo la pel\u00edcula en Latinoam\u00e9rica\u201d. Comento a la prensa Michael Linn.<\/p>\n<p style=\"text-align: justify;\">\nPor otra parte Stephen A. Bailey, protagonista de la pel\u00edcula nos comparti\u00f3 su experiencia en este film.<\/p>\n<p style=\"text-align: justify;\">\n<span style=\"color: #0000ff;\">\u201cFueron horas muy largas de trabajo y pesado, porque me la pasaba casi 5 horas sentado en la silla de maquillaje, tambi\u00e9n fue un desgaste emocional interpretar a alguien de la vida real. Y a pesar de las largas horas \u00e9sta es mi pel\u00edcula favorita, el trabajo que m\u00e1s me ha gustado\u201d<\/span><\/p>\n<p style=\"text-align: justify;\">\nEl 22 de Septiembre sali\u00f3 el tr\u00e1iler de <span style=\"color: #0000ff;\">\u201cPor Siempre\u201d<\/span> a las redes sociales, y contando las versiones dobladas, subtituladas y de las diferentes redes, lleva ya casi 7 millones de reproducciones. La pel\u00edcula se estren\u00f3 en Latinoam\u00e9rica hace unas semanas y ha estado en el top ten de todos los pa\u00edses que se ha estrenado.<\/p>\n<p style=\"text-align: justify;\">\nAqu\u00ed en M\u00e9xico hubo un preestreno hace dos semanas y aunque s\u00f3lo fue en 35 salas, tambi\u00e9n entro en el top ten, teniendo el cuarto porcentaje m\u00e1s alto por sala en ese fin de semana. <span style=\"color: #0000ff;\">\u201cPor Siempre\u201d<\/span> se estrena \u00e9ste viernes 25 de noviembre en la CDMX y en algunos estados de la rep\u00fablica Mexicana.<\/p>\n","protected":false},"excerpt":{"rendered":"<p>\u201cPor Siempre\u201d, una historia real. Por Gabi Mondrag\u00f3n Con 14 a\u00f1os de investigaci\u00f3n, llega a M\u00e9xico una encantadora historia de la vida real. CDMX, M\u00c9XICO (25\/NOV\/16)- El pasado mi\u00e9rcoles, en un cine al Sur de la Ciudad se llev\u00f3 a cabo la entrega de la nueva producci\u00f3n de Canzion Films, \u201cPor Siempre\u201d. Contando con la [&hellip;]<\/p>\n","protected":false},"author":3,"featured_media":1342,"comment_status":"closed","ping_status":"closed","sticky":false,"template":"","format":"standard","meta":{"_crdt_document":"","_monsterinsights_skip_tracking":false,"_monsterinsights_sitenote_active":false,"_monsterinsights_sitenote_note":"","_monsterinsights_sitenote_category":0,"footnotes":""},"categories":[29],"tags":[],"class_list":{"0":"post-1340","1":"post","2":"type-post","3":"status-publish","4":"format-standard","5":"has-post-thumbnail","6":"hentry","7":"category-noticia-de-medios","9":"post-with-thumbnail","10":"post-with-thumbnail-large"},"aioseo_notices":[],"_links":{"self":[{"href":"https:\/\/radiocristianaenlinea.com\/radiocristiana\/wp-json\/wp\/v2\/posts\/1340","targetHints":{"allow":["GET"]}}],"collection":[{"href":"https:\/\/radiocristianaenlinea.com\/radiocristiana\/wp-json\/wp\/v2\/posts"}],"about":[{"href":"https:\/\/radiocristianaenlinea.com\/radiocristiana\/wp-json\/wp\/v2\/types\/post"}],"author":[{"embeddable":true,"href":"https:\/\/radiocristianaenlinea.com\/radiocristiana\/wp-json\/wp\/v2\/users\/3"}],"replies":[{"embeddable":true,"href":"https:\/\/radiocristianaenlinea.com\/radiocristiana\/wp-json\/wp\/v2\/comments?post=1340"}],"version-history":[{"count":1,"href":"https:\/\/radiocristianaenlinea.com\/radiocristiana\/wp-json\/wp\/v2\/posts\/1340\/revisions"}],"predecessor-version":[{"id":1343,"href":"https:\/\/radiocristianaenlinea.com\/radiocristiana\/wp-json\/wp\/v2\/posts\/1340\/revisions\/1343"}],"wp:featuredmedia":[{"embeddable":true,"href":"https:\/\/radiocristianaenlinea.com\/radiocristiana\/wp-json\/wp\/v2\/media\/1342"}],"wp:attachment":[{"href":"https:\/\/radiocristianaenlinea.com\/radiocristiana\/wp-json\/wp\/v2\/media?parent=1340"}],"wp:term":[{"taxonomy":"category","embeddable":true,"href":"https:\/\/radiocristianaenlinea.com\/radiocristiana\/wp-json\/wp\/v2\/categories?post=1340"},{"taxonomy":"post_tag","embeddable":true,"href":"https:\/\/radiocristianaenlinea.com\/radiocristiana\/wp-json\/wp\/v2\/tags?post=1340"}],"curies":[{"name":"wp","href":"https:\/\/api.w.org\/{rel}","templated":true}]}}