{"id":1360,"date":"2016-11-30T19:34:02","date_gmt":"2016-12-01T01:34:02","guid":{"rendered":"https:\/\/radiocristianaenlinea.com\/radiocristiana\/?p=1360"},"modified":"2016-11-30T19:43:31","modified_gmt":"2016-12-01T01:43:31","slug":"reflexion-30-11-2016","status":"publish","type":"post","link":"https:\/\/radiocristianaenlinea.com\/radiocristiana\/2016\/11\/30\/reflexion-30-11-2016\/","title":{"rendered":"REFLEXION 30-11-2016"},"content":{"rendered":"<p><strong>REFLEXION<\/strong><br \/>\nCuentan que una peque\u00f1a, bien perfumada y orgullosa anciana de 85 a\u00f1os, completamente vestida cada ma\u00f1ana a las 8 horas en punto, con su cabello arreglado a la moda y el maquillaje perfectamente arreglado, se mudaba a un asilo. Su esposo de 88 a\u00f1os hab\u00eda muerto recientemente, lo que motiv\u00f3 la mudanza.<\/p>\n<p>Despu\u00e9s de esperar varias horas pacientemente en el recibidor del asilo, sonri\u00f3 con dulzura cuando se le dijo que su cuarto ya estaba listo. Mientras se desplazaba con su andadera hacia el elevador, le di una descripci\u00f3n detallada de su peque\u00f1o cuarto, incluyendo las cortinas que colgaban de su ventana.<\/p>\n<p>\u2013 Me encanta\u2026- afirm\u00f3 con el entusiasmo de un ni\u00f1o de 8 a\u00f1os al que le acaban de regalar una nueva mascota.<\/p>\n<p>\u2013 Se\u00f1ora Ana, no ha visto aun el cuarto\u2026 espere.<\/p>\n<p>\u2013 No importa \u2013 respondi\u00f3 -. La felicidad es algo que decides con el tiempo. Si me gusta o no mi cuarto no depende de c\u00f3mo est\u00e9n arreglados los muebles, depende de c\u00f3mo arregle mi mente, depende de Dios. Ya decid\u00ed que me gusta. Es una decisi\u00f3n que hago cada ma\u00f1ana cuando me levanto. Tengo la elecci\u00f3n: puedo pasar el d\u00eda en la cama repasando la dificultad que tengo con las partes de mi cuerpo que no funcionan, o salir de la cama y estar agradecida con Cristo por las partes del cuerpo que s\u00ed funcionan.<\/p>\n<p>Cada d\u00eda es un regalo, y mientras se abran mis ojos, vivir\u00e9 cada nuevo d\u00eda con los recuerdos felices.<\/p>\n<p>\u00bfCu\u00e1l es la actitud que tienes en tu trabajo? \u00bfTe gusta lo que haces?<\/p>\n<p>\u00bfCu\u00e1l es la decisi\u00f3n que haces cada ma\u00f1ana cuando vas a trabajar?<\/p>\n<p>\u00bfCu\u00e1les pasos vas a dar esta semana para mejorar tu actitud?<\/p>\n<p>Estas agradecida con Dios por lo bueno que te ha dado ?<\/p>\n<p>\u00abT\u00fa eliges como vas a vivir el resto de tus d\u00edas. Una buena actitud te llevar\u00e1 siempre a mejores lugares.\u00bb<\/p>\n<p>&nbsp;<\/p>\n<p><strong>Compartido por:<br \/>\n<a href=\"https:\/\/www.facebook.com\/alma.salinas.108?fref=ts\" target=\"_blank\">Facebook Alma Salinas<\/a><\/p>\n<p>&nbsp;<\/p>\n","protected":false},"excerpt":{"rendered":"<p>REFLEXION Cuentan que una peque\u00f1a, bien perfumada y orgullosa anciana de 85 a\u00f1os, completamente vestida cada ma\u00f1ana a las 8 horas en punto, con su cabello arreglado a la moda y el maquillaje perfectamente arreglado, se mudaba a un asilo. Su esposo de 88 a\u00f1os hab\u00eda muerto recientemente, lo que motiv\u00f3 la mudanza. Despu\u00e9s de [&hellip;]<\/p>\n","protected":false},"author":1,"featured_media":1362,"comment_status":"closed","ping_status":"closed","sticky":false,"template":"","format":"standard","meta":{"_crdt_document":"","_monsterinsights_skip_tracking":false,"_monsterinsights_sitenote_active":false,"_monsterinsights_sitenote_note":"","_monsterinsights_sitenote_category":0,"footnotes":""},"categories":[8],"tags":[],"class_list":{"0":"post-1360","1":"post","2":"type-post","3":"status-publish","4":"format-standard","5":"has-post-thumbnail","6":"hentry","7":"category-reflexiones","9":"post-with-thumbnail","10":"post-with-thumbnail-large"},"aioseo_notices":[],"_links":{"self":[{"href":"https:\/\/radiocristianaenlinea.com\/radiocristiana\/wp-json\/wp\/v2\/posts\/1360","targetHints":{"allow":["GET"]}}],"collection":[{"href":"https:\/\/radiocristianaenlinea.com\/radiocristiana\/wp-json\/wp\/v2\/posts"}],"about":[{"href":"https:\/\/radiocristianaenlinea.com\/radiocristiana\/wp-json\/wp\/v2\/types\/post"}],"author":[{"embeddable":true,"href":"https:\/\/radiocristianaenlinea.com\/radiocristiana\/wp-json\/wp\/v2\/users\/1"}],"replies":[{"embeddable":true,"href":"https:\/\/radiocristianaenlinea.com\/radiocristiana\/wp-json\/wp\/v2\/comments?post=1360"}],"version-history":[{"count":6,"href":"https:\/\/radiocristianaenlinea.com\/radiocristiana\/wp-json\/wp\/v2\/posts\/1360\/revisions"}],"predecessor-version":[{"id":1369,"href":"https:\/\/radiocristianaenlinea.com\/radiocristiana\/wp-json\/wp\/v2\/posts\/1360\/revisions\/1369"}],"wp:featuredmedia":[{"embeddable":true,"href":"https:\/\/radiocristianaenlinea.com\/radiocristiana\/wp-json\/wp\/v2\/media\/1362"}],"wp:attachment":[{"href":"https:\/\/radiocristianaenlinea.com\/radiocristiana\/wp-json\/wp\/v2\/media?parent=1360"}],"wp:term":[{"taxonomy":"category","embeddable":true,"href":"https:\/\/radiocristianaenlinea.com\/radiocristiana\/wp-json\/wp\/v2\/categories?post=1360"},{"taxonomy":"post_tag","embeddable":true,"href":"https:\/\/radiocristianaenlinea.com\/radiocristiana\/wp-json\/wp\/v2\/tags?post=1360"}],"curies":[{"name":"wp","href":"https:\/\/api.w.org\/{rel}","templated":true}]}}