{"id":1367,"date":"2016-11-30T19:42:46","date_gmt":"2016-12-01T01:42:46","guid":{"rendered":"https:\/\/radiocristianaenlinea.com\/radiocristiana\/?p=1367"},"modified":"2016-11-30T19:46:50","modified_gmt":"2016-12-01T01:46:50","slug":"reflexion-29-11-2016","status":"publish","type":"post","link":"https:\/\/radiocristianaenlinea.com\/radiocristiana\/2016\/11\/30\/reflexion-29-11-2016\/","title":{"rendered":"REFLEXI\u00d3N 29-11-2016"},"content":{"rendered":"<p>\u00bfConfiar en qu\u00e9?<\/p>\n<p>Pero nuestra ciudadan\u00eda est\u00e1 en los cielos, de donde tambi\u00e9n esperamos al Salvador, al Se\u00f1or Jesucristo. &#8211; Filipenses 3:20<\/p>\n<p>\u00bfHas pensado si tuvi\u00e9ramos todo lo que nos gustar\u00eda tener? No habr\u00eda espacio en el planeta para tantas cosas. \u00bfY con qui\u00e9n se quedar\u00eda todo eso cuando muri\u00e9ramos? Porque cuando morimos, no nos llevamos nada de lo que juntamos mientras est\u00e1bamos vivos. Ah\u00ed est\u00e1 el problema de depositar nuestra confianza en lo que somos o tenemos.<\/p>\n<p>Despu\u00e9s de todo, cuando llegamos al final de nuestros d\u00edas en este mundo, lo \u00fanico que realmente importa es si confiamos o no en Jesucristo. Confiar en Cristo nos ayuda a vivir mejor, pues sabemos que \u00e9l est\u00e1 siempre a nuestro lado, tanto en los momentos buenos como en los momentos dif\u00edciles por los cuales todos pasamos, y porque, despu\u00e9s de pasar por todo eso, estaremos con \u00e9l en el cielo por la eternidad.<\/p>\n<p>ORACI\u00d3N:\u00a0Se\u00f1or Dios y Padre, ay\u00fadame a confiar solamente en Cristo como mi Salvador, para vivir as\u00ed en la certeza del perd\u00f3n de mis pecados y de la vida eterna contigo en el cielo. Am\u00e9n.<\/p>\n<p><strong>Compartido por:<br \/>\n<a href=\"https:\/\/www.facebook.com\/alma.salinas.108?fref=ts\" target=\"_blank\">Facebook Alma Salinas<\/a><\/p>\n","protected":false},"excerpt":{"rendered":"<p>\u00bfConfiar en qu\u00e9? Pero nuestra ciudadan\u00eda est\u00e1 en los cielos, de donde tambi\u00e9n esperamos al Salvador, al Se\u00f1or Jesucristo. &#8211; Filipenses 3:20 \u00bfHas pensado si tuvi\u00e9ramos todo lo que nos gustar\u00eda tener? No habr\u00eda espacio en el planeta para tantas cosas. \u00bfY con qui\u00e9n se quedar\u00eda todo eso cuando muri\u00e9ramos? Porque cuando morimos, no nos [&hellip;]<\/p>\n","protected":false},"author":1,"featured_media":1371,"comment_status":"closed","ping_status":"closed","sticky":false,"template":"","format":"standard","meta":{"_crdt_document":"","_monsterinsights_skip_tracking":false,"_monsterinsights_sitenote_active":false,"_monsterinsights_sitenote_note":"","_monsterinsights_sitenote_category":0,"footnotes":""},"categories":[8],"tags":[],"class_list":{"0":"post-1367","1":"post","2":"type-post","3":"status-publish","4":"format-standard","5":"has-post-thumbnail","6":"hentry","7":"category-reflexiones","9":"post-with-thumbnail","10":"post-with-thumbnail-large"},"aioseo_notices":[],"_links":{"self":[{"href":"https:\/\/radiocristianaenlinea.com\/radiocristiana\/wp-json\/wp\/v2\/posts\/1367","targetHints":{"allow":["GET"]}}],"collection":[{"href":"https:\/\/radiocristianaenlinea.com\/radiocristiana\/wp-json\/wp\/v2\/posts"}],"about":[{"href":"https:\/\/radiocristianaenlinea.com\/radiocristiana\/wp-json\/wp\/v2\/types\/post"}],"author":[{"embeddable":true,"href":"https:\/\/radiocristianaenlinea.com\/radiocristiana\/wp-json\/wp\/v2\/users\/1"}],"replies":[{"embeddable":true,"href":"https:\/\/radiocristianaenlinea.com\/radiocristiana\/wp-json\/wp\/v2\/comments?post=1367"}],"version-history":[{"count":3,"href":"https:\/\/radiocristianaenlinea.com\/radiocristiana\/wp-json\/wp\/v2\/posts\/1367\/revisions"}],"predecessor-version":[{"id":1372,"href":"https:\/\/radiocristianaenlinea.com\/radiocristiana\/wp-json\/wp\/v2\/posts\/1367\/revisions\/1372"}],"wp:featuredmedia":[{"embeddable":true,"href":"https:\/\/radiocristianaenlinea.com\/radiocristiana\/wp-json\/wp\/v2\/media\/1371"}],"wp:attachment":[{"href":"https:\/\/radiocristianaenlinea.com\/radiocristiana\/wp-json\/wp\/v2\/media?parent=1367"}],"wp:term":[{"taxonomy":"category","embeddable":true,"href":"https:\/\/radiocristianaenlinea.com\/radiocristiana\/wp-json\/wp\/v2\/categories?post=1367"},{"taxonomy":"post_tag","embeddable":true,"href":"https:\/\/radiocristianaenlinea.com\/radiocristiana\/wp-json\/wp\/v2\/tags?post=1367"}],"curies":[{"name":"wp","href":"https:\/\/api.w.org\/{rel}","templated":true}]}}