{"id":1381,"date":"2016-12-02T17:26:07","date_gmt":"2016-12-02T23:26:07","guid":{"rendered":"https:\/\/radiocristianaenlinea.com\/radiocristiana\/?p=1381"},"modified":"2016-12-02T17:38:19","modified_gmt":"2016-12-02T23:38:19","slug":"moradas-en-el-cielo","status":"publish","type":"post","link":"https:\/\/radiocristianaenlinea.com\/radiocristiana\/2016\/12\/02\/moradas-en-el-cielo\/","title":{"rendered":"MORADAS EN EL CIELO!!"},"content":{"rendered":"<p>MORADAS EN EL CIELO!!<br \/>\n\u201cEn la casa de mi Padre muchas moradas hay; si as\u00ed no fuera, yo os lo hubiera dicho; voy, pues, a preparar lugar para vosotros y si me fuere y os preparare lugar, vendr\u00e9 otra vez, y os tomar\u00e9 a m\u00ed mismo, para que donde yo estoy, vosotros tambi\u00e9n est\u00e9is.\u201d.<br \/>\n(Juan 14:2-3)<br \/>\nAntiguamente en los tiempos de Jes\u00fas, cuando un joven se enamoraba de una chica, deb\u00eda ir a pedir su mano en matrimonio, una vez se aceptaba y estaban comprometidos, el joven le promet\u00eda a su amada, que iba de regreso a la casa de su padre, quien le designaba un lugar para que \u00e9l pudiese empezar la construcci\u00f3n de su nuevo hogar.<br \/>\nLa chica no sab\u00eda cu\u00e1nto iba a demorar este trabajo, pero estaba segura que un d\u00eda su novio vendr\u00eda por ella y se la llevar\u00eda a su nido de amor, donde vivir\u00edan felices.<br \/>\nCuando Jes\u00fas est\u00e1 dando esta promesa a sus disc\u00edpulos y a nosotros su iglesia, El est\u00e1 usando la misma figura, Jes\u00fas nos est\u00e1 diciendo; yo voy a a ir a la casa de mi Padre, el cielo y all\u00ed voy a construir una morada para ustedes, para que donde yo est\u00e9, ustedes tambi\u00e9n puedan estar y asi habitemos juntos.<br \/>\nAquella morada se describe muy bien en la palabra de Dios. En aquel lugar disfrutaremos de la misma presencia de Jehov\u00e1, no habr\u00e1 necesidad de sol porque su resplandor ilumina todo. All\u00ed moraremos con Jes\u00fas, tendremos un cuerpo especial, no vamos a llorar, ni experimentaremos tristeza, no habr\u00e1 dolor ni muerte, ser\u00e1 lo que se puede llamar una vida perfecta, aquella que Dios dise\u00f1\u00f3 al principio de la creaci\u00f3n pero que no hemos podido disfrutar debido al pecado.<br \/>\nAl leer todo esto, las promesas de Jes\u00fas y la descripci\u00f3n de nuestra morada celestial, me preocupa escuchar algunos l\u00edderes religiosos predicando la teor\u00eda de c\u00f3mo disfrutar nuestra mejor vida en la tierra, un evangelio que supuestamente nos va a ayudar a vivir el m\u00e1ximo potencial de nuestra existencia!<br \/>\nPero \u00bfes eso realmente posible?, acaso \u00bfno dijo Jes\u00fas que en esta tierra seriamos perseguidos y nos record\u00f3 que si El hab\u00eda pasado por tanta tribulaci\u00f3n nosotros no estar\u00edamos exentos de ella?.<br \/>\nHoy debemos decidir qu\u00e9 palabras vamos a escuchar, yo decido escuchar las de Jes\u00fas que nos dicen que en el mundo tendremos aflicci\u00f3n pero que estemos tranquilos porque El ha vencido al mundo&#8230; Aqu\u00ed s\u00f3lo estamos de paso, Jes\u00fas est\u00e1 en el cielo preparando una morada donde t\u00fa y yo podamos vivir a su lado y experimentar realmente lo que es una existencia perfecta.<br \/>\nAmigo y hermano,.. Quiz\u00e1 t\u00fa est\u00e9s pasando una dificultad o un problema, es muy probable que una enfermedad o la muerte de un ser querido te est\u00e9n robando el gozo, pero no te preocupes, no temas, pon tu confianza en Dios y espera porque El viene pronto a llevarte a su morada celestial donde vivir\u00e1s tu mejor vida en su presencia y lo que sufrimos aqu\u00ed, ni siquiera estar\u00e1 en la memoria!!!<br \/>\n\u201cY o\u00ed una gran voz del cielo que dec\u00eda: He aqu\u00ed el tabern\u00e1culo de Dios con los hombres, y \u00e9l morar\u00e1 con ellos; y ellos ser\u00e1n su pueblo, y Dios mismo estar\u00e1 con ellos como su Dios. Limpiar\u00e1 Dios toda l\u00e1grima de los ojos de ellos; y ya no habr\u00e1 muerte, ni habr\u00e1 m\u00e1s llanto, ni clamor, ni dolor; porque las primeras cosas pasaron.<br \/>\n(Apocalipsis 21:3-4)<br \/>\nDIOS LOS BENDIGA A TODOS!!<\/p>\n<p>Articulo publicado por nuestro amigo Jon Alvarado<\/p>\n<p><a href=\"https:\/\/www.facebook.com\/jon.alvarado.79\">Facebook<\/a><\/p>\n","protected":false},"excerpt":{"rendered":"<p>MORADAS EN EL CIELO!! \u201cEn la casa de mi Padre muchas moradas hay; si as\u00ed no fuera, yo os lo hubiera dicho; voy, pues, a preparar lugar para vosotros y si me fuere y os preparare lugar, vendr\u00e9 otra vez, y os tomar\u00e9 a m\u00ed mismo, para que donde yo estoy, vosotros tambi\u00e9n est\u00e9is.\u201d. (Juan [&hellip;]<\/p>\n","protected":false},"author":1,"featured_media":1383,"comment_status":"closed","ping_status":"closed","sticky":false,"template":"","format":"standard","meta":{"_crdt_document":"","_monsterinsights_skip_tracking":false,"_monsterinsights_sitenote_active":false,"_monsterinsights_sitenote_note":"","_monsterinsights_sitenote_category":0,"footnotes":""},"categories":[35],"tags":[],"class_list":{"0":"post-1381","1":"post","2":"type-post","3":"status-publish","4":"format-standard","5":"has-post-thumbnail","6":"hentry","7":"category-jon-alvarado","9":"post-with-thumbnail","10":"post-with-thumbnail-large"},"aioseo_notices":[],"_links":{"self":[{"href":"https:\/\/radiocristianaenlinea.com\/radiocristiana\/wp-json\/wp\/v2\/posts\/1381","targetHints":{"allow":["GET"]}}],"collection":[{"href":"https:\/\/radiocristianaenlinea.com\/radiocristiana\/wp-json\/wp\/v2\/posts"}],"about":[{"href":"https:\/\/radiocristianaenlinea.com\/radiocristiana\/wp-json\/wp\/v2\/types\/post"}],"author":[{"embeddable":true,"href":"https:\/\/radiocristianaenlinea.com\/radiocristiana\/wp-json\/wp\/v2\/users\/1"}],"replies":[{"embeddable":true,"href":"https:\/\/radiocristianaenlinea.com\/radiocristiana\/wp-json\/wp\/v2\/comments?post=1381"}],"version-history":[{"count":2,"href":"https:\/\/radiocristianaenlinea.com\/radiocristiana\/wp-json\/wp\/v2\/posts\/1381\/revisions"}],"predecessor-version":[{"id":1387,"href":"https:\/\/radiocristianaenlinea.com\/radiocristiana\/wp-json\/wp\/v2\/posts\/1381\/revisions\/1387"}],"wp:featuredmedia":[{"embeddable":true,"href":"https:\/\/radiocristianaenlinea.com\/radiocristiana\/wp-json\/wp\/v2\/media\/1383"}],"wp:attachment":[{"href":"https:\/\/radiocristianaenlinea.com\/radiocristiana\/wp-json\/wp\/v2\/media?parent=1381"}],"wp:term":[{"taxonomy":"category","embeddable":true,"href":"https:\/\/radiocristianaenlinea.com\/radiocristiana\/wp-json\/wp\/v2\/categories?post=1381"},{"taxonomy":"post_tag","embeddable":true,"href":"https:\/\/radiocristianaenlinea.com\/radiocristiana\/wp-json\/wp\/v2\/tags?post=1381"}],"curies":[{"name":"wp","href":"https:\/\/api.w.org\/{rel}","templated":true}]}}