{"id":1398,"date":"2016-12-02T22:35:36","date_gmt":"2016-12-03T04:35:36","guid":{"rendered":"https:\/\/radiocristianaenlinea.com\/radiocristiana\/?p=1398"},"modified":"2017-02-28T23:04:27","modified_gmt":"2017-03-01T05:04:27","slug":"el-verdadero-evangelio-por-keren-alvarez","status":"publish","type":"post","link":"https:\/\/radiocristianaenlinea.com\/radiocristiana\/2016\/12\/02\/el-verdadero-evangelio-por-keren-alvarez\/","title":{"rendered":"\u00bfEl verdadero evangelio? por -Keren \u00c1lvarez-"},"content":{"rendered":"<p style=\"text-align: justify;\"><span style=\"color: #ff0000;\">Navidad, Navidad; \u00a1Viene Navidad!<\/span> Una de las \u00e9pocas m\u00e1s bellas y conmovedoras del a\u00f1o; miles de luces y decoraciones se observan en las ciudades, las familias se unen; y comparten diferentes platillos, regalos, muchos abrazos\u2026 eso y mucho m\u00e1s, la hace tan especial.<\/p>\n<p style=\"text-align: justify;\">Y claro que celebramos que Jes\u00fas naci\u00f3, (aunque cronol\u00f3gicamente no cuadra con esta fecha); y es una alegr\u00eda para muchos de nosotros. Por eso festejamos, nos ocupamos de las reuniones navide\u00f1as en las iglesias, cantamos\u2026. Y muchas m\u00e1s cosas. Y creemos que haciendo esto, estamos cumpliendo con lo que Dios anhela verdaderamente.<\/p>\n<p>Sin embargo, la latente necesidad de nuestro alrededor, le da un sentido diferente.<\/p>\n<p><strong><em>\u00bfTodos la viven de esta manera?, \u00bfQu\u00e9 sucede con aquellas personas que no tienen un hogar c\u00e1lido en el que se les espera con una rica cena?<\/em><\/strong><\/p>\n<p style=\"text-align: justify;\">Se han levantado personas, cristianas y no cristianas que alrededor del mundo, se dedican a asistir a personas con desfavorables condiciones de vida. La pregunta es; siendo hijos de Dios, \u00bfEstamos haciendo lo que nos corresponde?<\/p>\n<p>Santiago 1:27 (RVC) dice:<\/p>\n<p><strong><span style=\"color: #0000ff;\"><em>\u201cCreer en Dios el Padre es agradarlo y hacer el bien, ayudar a las viudas y a los hu\u00e9rfanos cuando sufren y no dejarse vencer por la maldad del mundo\u201d<\/em><\/span><\/strong><\/p>\n<p><em>\u00a0<\/em><\/p>\n<p>Claro que debemos agradar a Dios guardando nuestra vida del pecado, pero \u00a1Mira que m\u00e1s dice! <em><strong><span style=\"color: #0000ff;\">\u201cAyudar a las viudas y a los hu\u00e9rfanos cuando sufren\u201d<\/span><\/strong>.<\/em> En esto radica el verdadero evangelio.<\/p>\n<p>\u00bfSabes por qu\u00e9?<\/p>\n<p style=\"text-align: justify;\">La palabra -evangelio- significa <strong><span style=\"color: #ff0000;\">\u201cBuenas noticias\u201d<\/span><\/strong> o <strong><span style=\"color: #ff0000;\">\u201cBuen mensaje\u201d<\/span><\/strong>. Pero m\u00e1s all\u00e1 de su significado etimol\u00f3gico; comprende una actividad: lo que Jes\u00fas hizo y dijo.<\/p>\n<p>&nbsp;<\/p>\n<p style=\"text-align: justify;\">Al estar en esta tierra, ense\u00f1\u00f3 que vino a servir y no a ser servido (Sn. Mateo 20:28); lav\u00f3 los pies de sus disc\u00edpulos (Sn. Juan 13:5), se preocupaba por los que le segu\u00edan y les dio de comer (Sn. Juan 6:11); a\u00fan aceptaba y se acercaba a los que eran rechazados por su condici\u00f3n; como aquella mujer que lav\u00f3 sus pies (Sn. Lucas 7:39), o \u00a1Ya s\u00e9! las personas que ten\u00edan lepra y eran apartados (Sn. Lucas 17:12-14). Y dentro de muchas palabras que \u00c9l mencion\u00f3 dijo que predic\u00e1ramos el evangelio a todas las personas (Marcos 16:15); pero que tambi\u00e9n hici\u00e9ramos como \u00c9l hizo. (Sn. Juan 13:15)<\/p>\n<p><span style=\"color: #000000;\"><strong>\u00bfNo es cierto?<\/strong><\/span><\/p>\n<p style=\"text-align: justify;\">Quiz\u00e1 estamos predicando en palabra, y no en hechos; muy probablemente estamos enfoc\u00e1ndonos a mantenernos dentro de un edificio y pensamos que nuestro servicio se limita a eso. O seguramente, ayudamos a las personas y hacemos <strong><span style=\"color: #ff0000;\">\u201ccaridad\u201d<\/span><\/strong> pero estamos olvidando guardar nuestra vida del pecado.<\/p>\n<p style=\"text-align: justify;\">Asi no debe ser. En la parte b\u00edblica que te mostr\u00e9 arriba, podemos ver que si, debemos guardar nuestras vidas de maldad pero tambi\u00e9n hacer el bien ayudando a los dem\u00e1s\u2026 As\u00ed es como se agrada a Dios.<\/p>\n<p style=\"text-align: justify;\">El verdadero evangelio, es aqu\u00e9l que podemos ense\u00f1ar y al mismo tiempo practicar. Ser oidores, pero tambi\u00e9n hacedores de lo que se nos ha ense\u00f1ado (Santiago 1:22). El verdadero evangelio es integral. Un todo, no s\u00f3lo una parte. El verdadero evangelio es <strong>\u2013 hacer lo que JES\u00daS hizo-.<\/strong><\/p>\n<p style=\"text-align: justify;\">Jes\u00fas se preocup\u00f3 por los dem\u00e1s antes que por s\u00ed mismo, su amor por el mundo fue m\u00e1s grande que sus propias necesidades, por eso mismo, entreg\u00f3 su vida en la cruz para que t\u00fa y yo tuvi\u00e9ramos salvaci\u00f3n, pero tambi\u00e9n lo hizo por todos aquellos que a\u00fan no le conocen y que necesitan saber que hay alguien que verdaderamente les ama y se preocupa por ellos.<\/p>\n<p style=\"text-align: justify;\">Podemos aprovechar la Navidad para compartir con el que no tiene, es una oportunidad muy buena, <span style=\"color: #000000;\"><strong>\u00a1VAMOS A HACERLO!<\/strong> <\/span>Pero\u2026 \u00bfSabes? Las personas no solo tienen necesidad en navidad, ni en a\u00f1o nuevo\u2026\u00a0 no lo hagamos solo en estas fechas, \u00a1Hag\u00e1moslo SIEMPRE!<\/p>\n<p><span style=\"color: #000000;\"><strong><em>\u00a1Es nuestro llamado!<\/em><\/strong><\/span><\/p>\n<p>Ahora, puedo preguntarte\u2026 <strong><span style=\"color: #ff0000;\">\u00bfY t\u00fa, est\u00e1s haciendo lo suficiente?<\/span><\/strong><\/p>\n<p><em><span style=\"color: #000000;\"><strong><span style=\"text-decoration: underline;\">Elaborado por Keren \u00c1lvarez<\/span><\/strong><\/span><\/em><\/p>\n","protected":false},"excerpt":{"rendered":"<p>Navidad, Navidad; \u00a1Viene Navidad! Una de las \u00e9pocas m\u00e1s bellas y conmovedoras del a\u00f1o; miles de luces y decoraciones se observan en las ciudades, las familias se unen; y comparten diferentes platillos, regalos, muchos abrazos\u2026 eso y mucho m\u00e1s, la hace tan especial. Y claro que celebramos que Jes\u00fas naci\u00f3, (aunque cronol\u00f3gicamente no cuadra con [&hellip;]<\/p>\n","protected":false},"author":3,"featured_media":1401,"comment_status":"closed","ping_status":"closed","sticky":false,"template":"","format":"standard","meta":{"_crdt_document":"","_monsterinsights_skip_tracking":false,"_monsterinsights_sitenote_active":false,"_monsterinsights_sitenote_note":"","_monsterinsights_sitenote_category":0,"footnotes":""},"categories":[1],"tags":[],"class_list":{"0":"post-1398","1":"post","2":"type-post","3":"status-publish","4":"format-standard","5":"has-post-thumbnail","6":"hentry","7":"category-leer-multiplica-enriquece-y-favorece","9":"post-with-thumbnail","10":"post-with-thumbnail-large"},"aioseo_notices":[],"_links":{"self":[{"href":"https:\/\/radiocristianaenlinea.com\/radiocristiana\/wp-json\/wp\/v2\/posts\/1398","targetHints":{"allow":["GET"]}}],"collection":[{"href":"https:\/\/radiocristianaenlinea.com\/radiocristiana\/wp-json\/wp\/v2\/posts"}],"about":[{"href":"https:\/\/radiocristianaenlinea.com\/radiocristiana\/wp-json\/wp\/v2\/types\/post"}],"author":[{"embeddable":true,"href":"https:\/\/radiocristianaenlinea.com\/radiocristiana\/wp-json\/wp\/v2\/users\/3"}],"replies":[{"embeddable":true,"href":"https:\/\/radiocristianaenlinea.com\/radiocristiana\/wp-json\/wp\/v2\/comments?post=1398"}],"version-history":[{"count":1,"href":"https:\/\/radiocristianaenlinea.com\/radiocristiana\/wp-json\/wp\/v2\/posts\/1398\/revisions"}],"predecessor-version":[{"id":1400,"href":"https:\/\/radiocristianaenlinea.com\/radiocristiana\/wp-json\/wp\/v2\/posts\/1398\/revisions\/1400"}],"wp:featuredmedia":[{"embeddable":true,"href":"https:\/\/radiocristianaenlinea.com\/radiocristiana\/wp-json\/wp\/v2\/media\/1401"}],"wp:attachment":[{"href":"https:\/\/radiocristianaenlinea.com\/radiocristiana\/wp-json\/wp\/v2\/media?parent=1398"}],"wp:term":[{"taxonomy":"category","embeddable":true,"href":"https:\/\/radiocristianaenlinea.com\/radiocristiana\/wp-json\/wp\/v2\/categories?post=1398"},{"taxonomy":"post_tag","embeddable":true,"href":"https:\/\/radiocristianaenlinea.com\/radiocristiana\/wp-json\/wp\/v2\/tags?post=1398"}],"curies":[{"name":"wp","href":"https:\/\/api.w.org\/{rel}","templated":true}]}}