{"id":1415,"date":"2016-12-13T11:59:01","date_gmt":"2016-12-13T17:59:01","guid":{"rendered":"https:\/\/radiocristianaenlinea.com\/radiocristiana\/?p=1415"},"modified":"2016-12-13T11:59:01","modified_gmt":"2016-12-13T17:59:01","slug":"seamos-como-el-lapiz","status":"publish","type":"post","link":"https:\/\/radiocristianaenlinea.com\/radiocristiana\/2016\/12\/13\/seamos-como-el-lapiz\/","title":{"rendered":"SEAMOS COMO EL L\u00c1PIZ"},"content":{"rendered":"<p>Todos los d\u00edas nos levantamos buscando ser mejores, tratando de corregir nuestras imperfecciones, de reparar el da\u00f1o que hicimos y procurando no volver a cometer los errores del d\u00eda anterior y sin duda alguna es una tarea dif\u00edcil.<\/p>\n<p>Hay una historia que a trav\u00e9s de algo tan com\u00fan y sencillo como un l\u00e1piz nos ense\u00f1a cinco cualidades que debemos tener.<\/p>\n<p>Cuentan que un ni\u00f1ito miraba a su abuelo escribir una carta. En un momento dado le pregunt\u00f3:<br \/>\n&#8211; \u00bfAbuelo, est\u00e1s escribiendo una historia que nos pas\u00f3 a los dos? \u00bfEs, por casualidad, una historia sobre m\u00ed?<br \/>\nEl abuelo dej\u00f3 de escribir, sonri\u00f3 y respondi\u00f3:<br \/>\n&#8211; Estoy escribiendo sobre ti, es cierto. Sin embargo, m\u00e1s importante que las palabras, es el l\u00e1piz que estoy usando. Me gustar\u00eda que t\u00fa fueses como \u00e9l cuando crezcas.<br \/>\n&#8211; \u00bfQu\u00e9 tiene de especial? Pregunt\u00f3 el nieto mientras observaba el l\u00e1piz intrigado, sin encontrar nada en particular.<\/p>\n<p>El abuelo le respondi\u00f3:<br \/>\n&#8211; Todo depende del modo en que mires las cosas. Hay en \u00e9l cinco cualidades que, si consigues mantenerlas, har\u00e1n siempre de ti una persona de paz con el mundo.<\/p>\n<p>Primera cualidad: Puedes hacer grandes cosas, pero no olvides nunca que existe una mano que gu\u00eda tus pasos. Esta mano la llamamos Dios, y \u00c9l siempre te conducir\u00e1 en direcci\u00f3n a su voluntad.<br \/>\nSegunda cualidad: De vez en cuando necesitas dejar lo que est\u00e1s escribiendo y usar el sacapuntas. Eso hace que el l\u00e1piz sufra un poco, pero al final, estar\u00e1 m\u00e1s afilado. Por lo tanto, debes ser capaz de soportar algunos dolores, porque te har\u00e1n mejor persona.<\/p>\n<p>Tercera cualidad: El l\u00e1piz siempre permite que usemos una goma para borrar aquello que est\u00e1 mal. Entiende que corregir algo que hemos hecho no es necesariamente algo malo, sino algo importante para mantenernos en el camino de la justicia.<\/p>\n<p>Cuarta cualidad: Lo que realmente importa en el l\u00e1piz no es la madera ni su forma exterior, sino el grafito que hay dentro. Por lo tanto, cuida siempre de lo que sucede en tu interior.<br \/>\nQuinta cualidad: Siempre deja una marca. De la misma manera, has de saber que todo lo que hagas en la vida, dejar\u00e1 trazos. Por eso intenta ser consciente de cada acci\u00f3n.<\/p>\n<p>Amigo y hermano!! Recuerda siempre que Dios es quien dirige tu vida. A veces pasamos por momentos dif\u00edciles porque necesitamos tener una punta m\u00e1s afilada para dejar mejores trazos. Intenta corregir lo que hiciste mal y no mires las apariencias, a Dios le interesa primeramente tu coraz\u00f3n y eso es lo que realmente importa.<br \/>\nFinalmente siempre dejaremos una marca, por eso debemos pensar bien y actuar correctamente con la mayor prudencia posible!<\/p>\n<p>Seamos ejemplo donde quiera que vayamos y que la gente pueda ver a Cristo reflejado en nuestras vidas.<br \/>\n\u201dY s\u00e9 t\u00fa mismo un ejemplo para ellos al hacer todo tipo de buenas acciones. Que todo lo que hagas refleje la integridad y la seriedad de tu ense\u00f1anza. Ense\u00f1a la verdad, para que no puedan criticar tu ense\u00f1anza. Entonces los que se nos oponen quedar\u00e1n avergonzados y no tendr\u00e1n nada malo que decir de nosotros\u201d. <strong>(Tito 2:7-8)<\/strong><\/p>\n<p>DIOS LOS BENDIGA A TODOS!!<br \/>\nJon Alvarado<\/p>\n","protected":false},"excerpt":{"rendered":"<p>Todos los d\u00edas nos levantamos buscando ser mejores, tratando de corregir nuestras imperfecciones, de reparar el da\u00f1o que hicimos y procurando no volver a cometer los errores del d\u00eda anterior y sin duda alguna es una tarea dif\u00edcil. Hay una historia que a trav\u00e9s de algo tan com\u00fan y sencillo como un l\u00e1piz nos ense\u00f1a [&hellip;]<\/p>\n","protected":false},"author":1,"featured_media":1416,"comment_status":"closed","ping_status":"closed","sticky":false,"template":"","format":"standard","meta":{"_crdt_document":"","_monsterinsights_skip_tracking":false,"_monsterinsights_sitenote_active":false,"_monsterinsights_sitenote_note":"","_monsterinsights_sitenote_category":0,"footnotes":""},"categories":[35],"tags":[],"class_list":{"0":"post-1415","1":"post","2":"type-post","3":"status-publish","4":"format-standard","5":"has-post-thumbnail","6":"hentry","7":"category-jon-alvarado","9":"post-with-thumbnail","10":"post-with-thumbnail-large"},"aioseo_notices":[],"_links":{"self":[{"href":"https:\/\/radiocristianaenlinea.com\/radiocristiana\/wp-json\/wp\/v2\/posts\/1415","targetHints":{"allow":["GET"]}}],"collection":[{"href":"https:\/\/radiocristianaenlinea.com\/radiocristiana\/wp-json\/wp\/v2\/posts"}],"about":[{"href":"https:\/\/radiocristianaenlinea.com\/radiocristiana\/wp-json\/wp\/v2\/types\/post"}],"author":[{"embeddable":true,"href":"https:\/\/radiocristianaenlinea.com\/radiocristiana\/wp-json\/wp\/v2\/users\/1"}],"replies":[{"embeddable":true,"href":"https:\/\/radiocristianaenlinea.com\/radiocristiana\/wp-json\/wp\/v2\/comments?post=1415"}],"version-history":[{"count":1,"href":"https:\/\/radiocristianaenlinea.com\/radiocristiana\/wp-json\/wp\/v2\/posts\/1415\/revisions"}],"predecessor-version":[{"id":1417,"href":"https:\/\/radiocristianaenlinea.com\/radiocristiana\/wp-json\/wp\/v2\/posts\/1415\/revisions\/1417"}],"wp:featuredmedia":[{"embeddable":true,"href":"https:\/\/radiocristianaenlinea.com\/radiocristiana\/wp-json\/wp\/v2\/media\/1416"}],"wp:attachment":[{"href":"https:\/\/radiocristianaenlinea.com\/radiocristiana\/wp-json\/wp\/v2\/media?parent=1415"}],"wp:term":[{"taxonomy":"category","embeddable":true,"href":"https:\/\/radiocristianaenlinea.com\/radiocristiana\/wp-json\/wp\/v2\/categories?post=1415"},{"taxonomy":"post_tag","embeddable":true,"href":"https:\/\/radiocristianaenlinea.com\/radiocristiana\/wp-json\/wp\/v2\/tags?post=1415"}],"curies":[{"name":"wp","href":"https:\/\/api.w.org\/{rel}","templated":true}]}}