{"id":1424,"date":"2016-12-13T12:23:47","date_gmt":"2016-12-13T18:23:47","guid":{"rendered":"https:\/\/radiocristianaenlinea.com\/radiocristiana\/?p=1424"},"modified":"2016-12-13T12:23:47","modified_gmt":"2016-12-13T18:23:47","slug":"no-me-soltaras","status":"publish","type":"post","link":"https:\/\/radiocristianaenlinea.com\/radiocristiana\/2016\/12\/13\/no-me-soltaras\/","title":{"rendered":"\u00a1NO ME SOLTAR\u00c1S!"},"content":{"rendered":"<p><strong>\u201cAun cuando yo pase por el valle m\u00e1s oscuro, no temer\u00e9, porque t\u00fa est\u00e1s a mi lado. Tu vara y tu cayado me protegen y me confortan\u201d<br \/>\n(Salmos 23:4)<\/strong><\/p>\n<p>El doctor Alfonso deb\u00eda entregar medicamentos, al \u00fanico centro de salud de un peque\u00f1o pueblo, alejado de la ciudad; en el \u00faltimo tramo antes de llegar, deb\u00eda caminar por un estrecho y peligroso sendero que rodeaba la monta\u00f1a, no pod\u00eda detenerse ya que quer\u00eda aprovechar la luz del d\u00eda para llegar a su destino final, esa era su meta.<br \/>\nSin embargo una peque\u00f1a piedra hizo que resbalara hacia el vac\u00edo, pero instintivamente reaccion\u00f3 agarr\u00e1ndose de una ra\u00edz que sobresal\u00eda, pens\u00f3 \u00bfQu\u00e9 hago? \u00bfQui\u00e9n me ayudar\u00e1 si no vi a nadie en todo el camino? Entonces grit\u00f3 insistentemente: \u00a1Dios ay\u00fadame, Dios ay\u00fadame!, pero la \u00fanica respuesta que o\u00eda era solo el silbido del viento.<br \/>\nEstaba agotado y su mano ya no aguantaba m\u00e1s el peso de su cuerpo, as\u00ed que con gran desesperaci\u00f3n pens\u00f3 en dejarse caer al vac\u00edo. Pero en ese instante alguien lo tom\u00f3 fuertemente de la mano y entre jalones le arrastr\u00f3 hasta el borde del sendero.<\/p>\n<p>Era un hombre robusto de piel canela, habitante del pueblo al cual se dirig\u00eda y que lo hab\u00eda estado vigilando todo el camino de manera silenciosa, porque era conocedor de los peligros de la zona. Su silencio y su intervenci\u00f3n oportuna salvaron al doctor de un fatal desenlace.<\/p>\n<p>Dios conoce muy bien nuestros caminos, los peligros, las complicaciones y los retos que afrontamos. Amigos&#8230; Tengamos por seguro que el Se\u00f1or est\u00e1 siempre atento, para que cuando lo necesitemos, El venga en nuestro socorro a tomarnos de la mano. Nunca llega tarde ni se distrae, sino que est\u00e1 mir\u00e1ndonos con la misma atenci\u00f3n, con la que un padre observa a su hijo cuando est\u00e1 aprendiendo a caminar.<\/p>\n<p>Aunque andemos en valles obscuros o si estamos en calma Dios est\u00e1 con nosotros, no hay nada ni nadie que nos aleje de su presencia. Su mano est\u00e1 ah\u00ed para sacarnos una y otra vez y traernos de vuelta al camino.<br \/>\n\u201cNo me soltar\u00e1s en la calma o la tormenta\u201d dice una conocida canci\u00f3n, y esto es tan cierto que lo podemos comprobar d\u00eda a d\u00eda<\/p>\n<p><strong>\u201cCiertamente tu bondad y tu amor inagotable me seguir\u00e1n todos los d\u00edas de mi vida, y en la casa del Se\u00f1or vivir\u00e9 por siempre.\u201d<br \/>\n(Salmos 23:6)<\/strong><\/p>\n<p>DIOS LOS BENDIGA A TODOS!!<br \/>\nJon Alvarado<\/p>\n","protected":false},"excerpt":{"rendered":"<p>\u201cAun cuando yo pase por el valle m\u00e1s oscuro, no temer\u00e9, porque t\u00fa est\u00e1s a mi lado. Tu vara y tu cayado me protegen y me confortan\u201d (Salmos 23:4) El doctor Alfonso deb\u00eda entregar medicamentos, al \u00fanico centro de salud de un peque\u00f1o pueblo, alejado de la ciudad; en el \u00faltimo tramo antes de llegar, [&hellip;]<\/p>\n","protected":false},"author":1,"featured_media":1425,"comment_status":"closed","ping_status":"closed","sticky":false,"template":"","format":"standard","meta":{"_crdt_document":"","_monsterinsights_skip_tracking":false,"_monsterinsights_sitenote_active":false,"_monsterinsights_sitenote_note":"","_monsterinsights_sitenote_category":0,"footnotes":""},"categories":[35],"tags":[],"class_list":{"0":"post-1424","1":"post","2":"type-post","3":"status-publish","4":"format-standard","5":"has-post-thumbnail","6":"hentry","7":"category-jon-alvarado","9":"post-with-thumbnail","10":"post-with-thumbnail-large"},"aioseo_notices":[],"_links":{"self":[{"href":"https:\/\/radiocristianaenlinea.com\/radiocristiana\/wp-json\/wp\/v2\/posts\/1424","targetHints":{"allow":["GET"]}}],"collection":[{"href":"https:\/\/radiocristianaenlinea.com\/radiocristiana\/wp-json\/wp\/v2\/posts"}],"about":[{"href":"https:\/\/radiocristianaenlinea.com\/radiocristiana\/wp-json\/wp\/v2\/types\/post"}],"author":[{"embeddable":true,"href":"https:\/\/radiocristianaenlinea.com\/radiocristiana\/wp-json\/wp\/v2\/users\/1"}],"replies":[{"embeddable":true,"href":"https:\/\/radiocristianaenlinea.com\/radiocristiana\/wp-json\/wp\/v2\/comments?post=1424"}],"version-history":[{"count":1,"href":"https:\/\/radiocristianaenlinea.com\/radiocristiana\/wp-json\/wp\/v2\/posts\/1424\/revisions"}],"predecessor-version":[{"id":1426,"href":"https:\/\/radiocristianaenlinea.com\/radiocristiana\/wp-json\/wp\/v2\/posts\/1424\/revisions\/1426"}],"wp:featuredmedia":[{"embeddable":true,"href":"https:\/\/radiocristianaenlinea.com\/radiocristiana\/wp-json\/wp\/v2\/media\/1425"}],"wp:attachment":[{"href":"https:\/\/radiocristianaenlinea.com\/radiocristiana\/wp-json\/wp\/v2\/media?parent=1424"}],"wp:term":[{"taxonomy":"category","embeddable":true,"href":"https:\/\/radiocristianaenlinea.com\/radiocristiana\/wp-json\/wp\/v2\/categories?post=1424"},{"taxonomy":"post_tag","embeddable":true,"href":"https:\/\/radiocristianaenlinea.com\/radiocristiana\/wp-json\/wp\/v2\/tags?post=1424"}],"curies":[{"name":"wp","href":"https:\/\/api.w.org\/{rel}","templated":true}]}}