{"id":1427,"date":"2016-12-13T12:26:55","date_gmt":"2016-12-13T18:26:55","guid":{"rendered":"https:\/\/radiocristianaenlinea.com\/radiocristiana\/?p=1427"},"modified":"2016-12-13T12:38:56","modified_gmt":"2016-12-13T18:38:56","slug":"no-temas-duerme","status":"publish","type":"post","link":"https:\/\/radiocristianaenlinea.com\/radiocristiana\/2016\/12\/13\/no-temas-duerme\/","title":{"rendered":"NO TEMAS, DUERME.."},"content":{"rendered":"<p>Cuenta la historia que en un lugar donde los cristianos eran perseguidos y se los encarcelaba, hab\u00eda un siervo que sufr\u00eda persecuci\u00f3n durante ese periodo. Era acechado continuamente por realizar actividades religiosas consideradas como ilegales, motivo por el cual, durante varios a\u00f1os tuvo que esconderse en la monta\u00f1a para escapar de la polic\u00eda.<\/p>\n<p>Era invierno y una noche aparecieron lobos, al principio el tem\u00eda que ellos pudieran atacarlo. Sin embargo pasaron unos d\u00edas y durante la noche \u00e9l les dec\u00eda &#8211; \u00bfvolvieron a visitarme? &#8211; Buenas noches amigos! y ellos se iban.<br \/>\nEn realidad aunque les tem\u00eda menos que a las personas que lo persegu\u00edan, se manten\u00eda pendiente de no ser devorado.<br \/>\nUna noche que hac\u00eda mucho frio y \u00e9l se encontraba agotado, or\u00f3 &#8211; Se\u00f1or, m\u00e1ndame una manta porque si no, voy a morir congelado y gu\u00e1rdame de todo ataque. A pesar de todo, durmi\u00f3 y no tuvo frio. \u00bfQuieres saber porque? A la ma\u00f1ana siguiente, cuando despert\u00f3 y aun todo estaba oscuro, se movi\u00f3 para estirarse un poco, y \u00bfque vio? Un animal que se levant\u00f3 y desapareci\u00f3 entre los \u00e1rboles. Era un lobo, que hab\u00eda pasado la noche acostado sobre \u00e9l.<br \/>\nAmigos y Amigas&#8230; Dios es maravilloso, pues este siervo no pudo haber encontrado una manta m\u00e1s caliente y mejor protecci\u00f3n.<\/p>\n<p><strong>\u201cLa oraci\u00f3n del justo puede mucho\u201d<br \/>\n(Santiago 5:16)<\/strong><\/p>\n<p>En los momentos en que sientes que est\u00e1s desamparado y no encuentras socorro, clama a Dios pues cuando \u00c9l desea bendecirte utiliza lo que menos imaginas!!<\/p>\n<p>\u00bfLas preocupaciones y el temor de no poder resolverlos no permiten que puedas dormir y descansar tranquilo?, conf\u00eda en Dios que est\u00e1 en control de todo. No te ciegues por el temor o preocupaci\u00f3n que puedas estar sintiendo, duerme, siente su cobijo, pues te sorprender\u00e1s de lo que \u00c9l est\u00e1 haciendo por ti!!<\/p>\n<p><strong>\u201cYo me acost\u00e9 y dorm\u00ed, y despert\u00e9, porque Jehov\u00e1 me sustentaba. No temer\u00e9 a diez millares de gente que pusieren sitio contra m\u00ed.\u201d<br \/>\n(Salmos 3:5-6)<\/strong><\/p>\n<p>DIOS LOS BENDIGA A TODOS!!<br \/>\nJon Alvarado<\/p>\n","protected":false},"excerpt":{"rendered":"<p>Cuenta la historia que en un lugar donde los cristianos eran perseguidos y se los encarcelaba, hab\u00eda un siervo que sufr\u00eda persecuci\u00f3n durante ese periodo. Era acechado continuamente por realizar actividades religiosas consideradas como ilegales, motivo por el cual, durante varios a\u00f1os tuvo que esconderse en la monta\u00f1a para escapar de la polic\u00eda. Era invierno [&hellip;]<\/p>\n","protected":false},"author":1,"featured_media":1431,"comment_status":"closed","ping_status":"closed","sticky":false,"template":"","format":"standard","meta":{"_crdt_document":"","_monsterinsights_skip_tracking":false,"_monsterinsights_sitenote_active":false,"_monsterinsights_sitenote_note":"","_monsterinsights_sitenote_category":0,"footnotes":""},"categories":[35],"tags":[],"class_list":{"0":"post-1427","1":"post","2":"type-post","3":"status-publish","4":"format-standard","5":"has-post-thumbnail","6":"hentry","7":"category-jon-alvarado","9":"post-with-thumbnail","10":"post-with-thumbnail-large"},"aioseo_notices":[],"_links":{"self":[{"href":"https:\/\/radiocristianaenlinea.com\/radiocristiana\/wp-json\/wp\/v2\/posts\/1427","targetHints":{"allow":["GET"]}}],"collection":[{"href":"https:\/\/radiocristianaenlinea.com\/radiocristiana\/wp-json\/wp\/v2\/posts"}],"about":[{"href":"https:\/\/radiocristianaenlinea.com\/radiocristiana\/wp-json\/wp\/v2\/types\/post"}],"author":[{"embeddable":true,"href":"https:\/\/radiocristianaenlinea.com\/radiocristiana\/wp-json\/wp\/v2\/users\/1"}],"replies":[{"embeddable":true,"href":"https:\/\/radiocristianaenlinea.com\/radiocristiana\/wp-json\/wp\/v2\/comments?post=1427"}],"version-history":[{"count":1,"href":"https:\/\/radiocristianaenlinea.com\/radiocristiana\/wp-json\/wp\/v2\/posts\/1427\/revisions"}],"predecessor-version":[{"id":1428,"href":"https:\/\/radiocristianaenlinea.com\/radiocristiana\/wp-json\/wp\/v2\/posts\/1427\/revisions\/1428"}],"wp:featuredmedia":[{"embeddable":true,"href":"https:\/\/radiocristianaenlinea.com\/radiocristiana\/wp-json\/wp\/v2\/media\/1431"}],"wp:attachment":[{"href":"https:\/\/radiocristianaenlinea.com\/radiocristiana\/wp-json\/wp\/v2\/media?parent=1427"}],"wp:term":[{"taxonomy":"category","embeddable":true,"href":"https:\/\/radiocristianaenlinea.com\/radiocristiana\/wp-json\/wp\/v2\/categories?post=1427"},{"taxonomy":"post_tag","embeddable":true,"href":"https:\/\/radiocristianaenlinea.com\/radiocristiana\/wp-json\/wp\/v2\/tags?post=1427"}],"curies":[{"name":"wp","href":"https:\/\/api.w.org\/{rel}","templated":true}]}}