{"id":1435,"date":"2016-12-13T12:53:26","date_gmt":"2016-12-13T18:53:26","guid":{"rendered":"https:\/\/radiocristianaenlinea.com\/radiocristiana\/?p=1435"},"modified":"2016-12-13T12:53:26","modified_gmt":"2016-12-13T18:53:26","slug":"por-que-estas-desanimad","status":"publish","type":"post","link":"https:\/\/radiocristianaenlinea.com\/radiocristiana\/2016\/12\/13\/por-que-estas-desanimad\/","title":{"rendered":"\u00bfPOR QU\u00c9 EST\u00c1S DESANIMAD@?"},"content":{"rendered":"<p>En un bazar de art\u00edculos usados se estableci\u00f3 un puesto que estaba rotulado \u201cArmas Poderosas contra las personas\u201d, cuando una persona fue atra\u00edda hacia aquel m\u00f3dulo, el encargado y \u00e9l tuvieron una conversaci\u00f3n:<\/p>\n<p>Cliente: \u00bfCu\u00e1les son esas armas que tiene a la venta?<\/p>\n<p>Encargado: Tengo \u00e9sta que es gigantesca y da la impresi\u00f3n de ser indestructible, se llama orgullo&#8230; Esta otra, que produce mucho humo contagioso que se esparce f\u00e1cilmente y al contaminarte debes recibir un tratamiento complicado, se llama enojo&#8230; Esta de aqu\u00ed, es muy popular por lo f\u00e1cil de cargar, y esa es la mentira&#8230;<br \/>\nDespu\u00e9s de haber dado a conocer cada arma, el encargado hizo una pausa, e inclin\u00e1ndose debajo de la mesa le comento: Existe una arma, es la m\u00e1s peque\u00f1a de todas y pasa desapercibida por muchos, pero es poderos\u00edsima.<br \/>\nA lo que el cliente contesto: \u00bfCu\u00e1l es esa arma?<\/p>\n<p>Encargado: Es el DES\u00c1NIMO, contest\u00f3 con una sonrisa ir\u00f3nica&#8230;<\/p>\n<p>Creo que todos hemos sido atacados con el arma del des\u00e1nimo en diferentes circunstancias y cuando se est\u00e1 herido parece que ya nada importa, no hay porqu\u00e9 seguir adelante, nos detiene en el camino y nos quita la fe y la esperanza dej\u00e1ndonos susceptibles y fr\u00e1giles.<\/p>\n<p>En el Salmo 42:5-6 dice\u201c\u00bfPor qu\u00e9 estoy desanimado? \u00bfPor qu\u00e9 est\u00e1 tan triste mi coraz\u00f3n?, sin duda hay un motivo para estar intranquilos y desanimados, pero contin\u00faa el salmo diciendo: \u00a1Pondr\u00e9 mi esperanza en Dios! Nuevamente lo alabar\u00e9, \u00a1mi Salvador y mi Dios!\u201d<\/p>\n<p>Amigos.. el ant\u00eddoto es la fe total en Dios y la confianza plena en su providencia!!<br \/>\nHaz un an\u00e1lisis interno y preg\u00fantate \u00bfPor qu\u00e9 estoy desanimado o desanimada? pero no con la actitud de dar una respuesta, sino, con el \u00e1nimo de recobrar fuerzas en Dios!!<\/p>\n<p><strong>\u00a1No permitas ser atacado con esta arma, sino lucha con toda la fe de que Dios est\u00e1 contigo!<br \/>\n\u201cPero cada d\u00eda el Se\u00f1or derrama su amor inagotable sobre m\u00ed, y todas las noches entono sus c\u00e1nticos y oro a Dios, quien me da vida.\u201d<br \/>\n(Salmos 42:8)<\/strong><\/p>\n<p>Jon Alvarado<\/p>\n","protected":false},"excerpt":{"rendered":"<p>En un bazar de art\u00edculos usados se estableci\u00f3 un puesto que estaba rotulado \u201cArmas Poderosas contra las personas\u201d, cuando una persona fue atra\u00edda hacia aquel m\u00f3dulo, el encargado y \u00e9l tuvieron una conversaci\u00f3n: Cliente: \u00bfCu\u00e1les son esas armas que tiene a la venta? Encargado: Tengo \u00e9sta que es gigantesca y da la impresi\u00f3n de ser [&hellip;]<\/p>\n","protected":false},"author":1,"featured_media":1436,"comment_status":"closed","ping_status":"closed","sticky":false,"template":"","format":"standard","meta":{"_crdt_document":"","_monsterinsights_skip_tracking":false,"_monsterinsights_sitenote_active":false,"_monsterinsights_sitenote_note":"","_monsterinsights_sitenote_category":0,"footnotes":""},"categories":[35],"tags":[],"class_list":{"0":"post-1435","1":"post","2":"type-post","3":"status-publish","4":"format-standard","5":"has-post-thumbnail","6":"hentry","7":"category-jon-alvarado","9":"post-with-thumbnail","10":"post-with-thumbnail-large"},"aioseo_notices":[],"_links":{"self":[{"href":"https:\/\/radiocristianaenlinea.com\/radiocristiana\/wp-json\/wp\/v2\/posts\/1435","targetHints":{"allow":["GET"]}}],"collection":[{"href":"https:\/\/radiocristianaenlinea.com\/radiocristiana\/wp-json\/wp\/v2\/posts"}],"about":[{"href":"https:\/\/radiocristianaenlinea.com\/radiocristiana\/wp-json\/wp\/v2\/types\/post"}],"author":[{"embeddable":true,"href":"https:\/\/radiocristianaenlinea.com\/radiocristiana\/wp-json\/wp\/v2\/users\/1"}],"replies":[{"embeddable":true,"href":"https:\/\/radiocristianaenlinea.com\/radiocristiana\/wp-json\/wp\/v2\/comments?post=1435"}],"version-history":[{"count":1,"href":"https:\/\/radiocristianaenlinea.com\/radiocristiana\/wp-json\/wp\/v2\/posts\/1435\/revisions"}],"predecessor-version":[{"id":1437,"href":"https:\/\/radiocristianaenlinea.com\/radiocristiana\/wp-json\/wp\/v2\/posts\/1435\/revisions\/1437"}],"wp:featuredmedia":[{"embeddable":true,"href":"https:\/\/radiocristianaenlinea.com\/radiocristiana\/wp-json\/wp\/v2\/media\/1436"}],"wp:attachment":[{"href":"https:\/\/radiocristianaenlinea.com\/radiocristiana\/wp-json\/wp\/v2\/media?parent=1435"}],"wp:term":[{"taxonomy":"category","embeddable":true,"href":"https:\/\/radiocristianaenlinea.com\/radiocristiana\/wp-json\/wp\/v2\/categories?post=1435"},{"taxonomy":"post_tag","embeddable":true,"href":"https:\/\/radiocristianaenlinea.com\/radiocristiana\/wp-json\/wp\/v2\/tags?post=1435"}],"curies":[{"name":"wp","href":"https:\/\/api.w.org\/{rel}","templated":true}]}}