{"id":1438,"date":"2016-12-13T12:57:52","date_gmt":"2016-12-13T18:57:52","guid":{"rendered":"https:\/\/radiocristianaenlinea.com\/radiocristiana\/?p=1438"},"modified":"2016-12-13T12:57:52","modified_gmt":"2016-12-13T18:57:52","slug":"quien-ganara","status":"publish","type":"post","link":"https:\/\/radiocristianaenlinea.com\/radiocristiana\/2016\/12\/13\/quien-ganara\/","title":{"rendered":"\u00bfQUI\u00c9N GANAR\u00c1?"},"content":{"rendered":"<p>Todo lo que hacemos, c\u00f3mo nos comportamos, hablamos, a lo que dedicamos nuestras fuerzas, nuestro tiempo, responde a lo que tenemos dentro de nosotros.<\/p>\n<p>El gran jefe de una tribu estaba conversando con sus nietos acerca de la vida, y les dijo: \u201cUna vieja pelea est\u00e1 ocurriendo dentro de m\u00ed, es entre dos lobos; uno de los lobos esta lleno de maldad, temor, ira, envidia, dolor, rencor, avaricia, arrogancia, culpa, resentimiento, inferioridad, mentiras, orgullo, competencia, superioridad, egolatr\u00eda&#8230; este proviene de la carne&#8230;<\/p>\n<p>El otro esta lleno de bondad, alegr\u00eda, paz, amor, esperanza, serenidad, humildad, dulzura, generosidad, benevolencia, amistad, empat\u00eda, verdad, compasi\u00f3n y fe&#8230; y este proviene del esp\u00edritu&#8230;<br \/>\nEsta misma pelea est\u00e1 ocurriendo continuamente dentro de ustedes y dentro de todos los seres de la tierra..<br \/>\nLos ni\u00f1os se quedaron pensativos, y uno de ellos pregunt\u00f3 a su abuelo: \u00bfCu\u00e1l de los lobos ganar\u00e1?<br \/>\n-\u00abAl que alimentes\u00bb- Respondi\u00f3 el gran jefe..<\/p>\n<p>Todos los seres humanos, por nuestra naturaleza, tenemos estos dos lobos en nuestro interior, sentimientos que luchan por dominarnos.. y es m\u00e1s f\u00e1cil para muchos alimentar al primero&#8230;<\/p>\n<p>\u201cPorq<strong>ue el deseo de la carne es contra el Esp\u00edritu, y el del Esp\u00edritu es contra la carne; y \u00e9stos se oponen entre s\u00ed, para que no hag\u00e1is lo que quisiereis.\u201d<br \/>\n??(G\u00e1latas? ?5:17?)<\/strong><\/p>\n<p>Amigos.. fuera de Dios el primer lobo es el que gobierna nuestra forma de actuar, pensar, hablar, sentir, etc., pero una vez que aceptamos a Jes\u00fas en nuestros corazones y dejamos que \u00c9l tome el control de nuestras vidas, el segundo lobo empieza a crecer y a hacerle frente al que antes nos gobernaba.<\/p>\n<p>Es una pelea constante, por lo que debemos asegurarnos de alimentar al lobo correcto.. Es una decisi\u00f3n que se toma d\u00eda a d\u00eda, a cada instante estamos alimentando a uno de ellos y el resultado final s\u00f3lo depender\u00e1 de nosotros.<\/p>\n<p><strong><br \/>\n\u201cEl hombre bueno, del buen tesoro de su coraz\u00f3n saca lo bueno; y el hombre malo, del mal tesoro de su coraz\u00f3n saca lo malo, porque de la abundancia del coraz\u00f3n habla la boca\u201d.<br \/>\n(Lucas 6:45)<\/strong><\/p>\n<p>\u00bfA qu\u00e9 lobo est\u00e1s alimentando?<br \/>\nDIOS LOS BENDIGA A TODOS!!<br \/>\nJon Alvarado<\/p>\n","protected":false},"excerpt":{"rendered":"<p>Todo lo que hacemos, c\u00f3mo nos comportamos, hablamos, a lo que dedicamos nuestras fuerzas, nuestro tiempo, responde a lo que tenemos dentro de nosotros. El gran jefe de una tribu estaba conversando con sus nietos acerca de la vida, y les dijo: \u201cUna vieja pelea est\u00e1 ocurriendo dentro de m\u00ed, es entre dos lobos; uno [&hellip;]<\/p>\n","protected":false},"author":1,"featured_media":1439,"comment_status":"closed","ping_status":"closed","sticky":false,"template":"","format":"standard","meta":{"_crdt_document":"","_monsterinsights_skip_tracking":false,"_monsterinsights_sitenote_active":false,"_monsterinsights_sitenote_note":"","_monsterinsights_sitenote_category":0,"footnotes":""},"categories":[35],"tags":[],"class_list":{"0":"post-1438","1":"post","2":"type-post","3":"status-publish","4":"format-standard","5":"has-post-thumbnail","6":"hentry","7":"category-jon-alvarado","9":"post-with-thumbnail","10":"post-with-thumbnail-large"},"aioseo_notices":[],"_links":{"self":[{"href":"https:\/\/radiocristianaenlinea.com\/radiocristiana\/wp-json\/wp\/v2\/posts\/1438","targetHints":{"allow":["GET"]}}],"collection":[{"href":"https:\/\/radiocristianaenlinea.com\/radiocristiana\/wp-json\/wp\/v2\/posts"}],"about":[{"href":"https:\/\/radiocristianaenlinea.com\/radiocristiana\/wp-json\/wp\/v2\/types\/post"}],"author":[{"embeddable":true,"href":"https:\/\/radiocristianaenlinea.com\/radiocristiana\/wp-json\/wp\/v2\/users\/1"}],"replies":[{"embeddable":true,"href":"https:\/\/radiocristianaenlinea.com\/radiocristiana\/wp-json\/wp\/v2\/comments?post=1438"}],"version-history":[{"count":1,"href":"https:\/\/radiocristianaenlinea.com\/radiocristiana\/wp-json\/wp\/v2\/posts\/1438\/revisions"}],"predecessor-version":[{"id":1440,"href":"https:\/\/radiocristianaenlinea.com\/radiocristiana\/wp-json\/wp\/v2\/posts\/1438\/revisions\/1440"}],"wp:featuredmedia":[{"embeddable":true,"href":"https:\/\/radiocristianaenlinea.com\/radiocristiana\/wp-json\/wp\/v2\/media\/1439"}],"wp:attachment":[{"href":"https:\/\/radiocristianaenlinea.com\/radiocristiana\/wp-json\/wp\/v2\/media?parent=1438"}],"wp:term":[{"taxonomy":"category","embeddable":true,"href":"https:\/\/radiocristianaenlinea.com\/radiocristiana\/wp-json\/wp\/v2\/categories?post=1438"},{"taxonomy":"post_tag","embeddable":true,"href":"https:\/\/radiocristianaenlinea.com\/radiocristiana\/wp-json\/wp\/v2\/tags?post=1438"}],"curies":[{"name":"wp","href":"https:\/\/api.w.org\/{rel}","templated":true}]}}