{"id":1441,"date":"2016-12-13T13:04:56","date_gmt":"2016-12-13T19:04:56","guid":{"rendered":"https:\/\/radiocristianaenlinea.com\/radiocristiana\/?p=1441"},"modified":"2017-02-28T23:00:33","modified_gmt":"2017-03-01T05:00:33","slug":"yo-si-te-vi","status":"publish","type":"post","link":"https:\/\/radiocristianaenlinea.com\/radiocristiana\/2016\/12\/13\/yo-si-te-vi\/","title":{"rendered":"YO S\u00cd TE VI"},"content":{"rendered":"<p><strong>\u201cJehov\u00e1 es bueno, fortaleza en el d\u00eda de la angustia; y conoce a los que en \u00e9l conf\u00edan\u201d. (Nahum 1:7)<\/strong><\/p>\n<p>Cuenta una historia que en una ciudad se inaugurar\u00eda una escuela en presencia del presidente del pa\u00eds y de una importante delegaci\u00f3n que lo acompa\u00f1aba, todos los alumnos vestir\u00edan y lucir\u00edan sus impecables uniformes para poder recibirlo.<\/p>\n<p>Despu\u00e9s de la ceremonia, una ni\u00f1a lloraba a l\u00e1grima viva!!.- \u00bfQu\u00e9 te sucede?- \u00bfNo viste al presidente? , le pregunto la maestra.- S\u00ed, contest\u00f3 la ni\u00f1a, pero \u00e9l no me vio a m\u00ed&#8230;<br \/>\nEvidentemente, el presidente no pod\u00eda fijarse en cada ni\u00f1o de la multitud y la ni\u00f1a no pod\u00eda comprenderlo pues era peque\u00f1a a\u00fan..<\/p>\n<p>Como estamos repletos de tanta informaci\u00f3n hoy en d\u00eda e inmersos en cambios constantes al rededor , a menudo nos sentimos como un simple n\u00famero de identificaci\u00f3n ante las autoridades, o como una ficha en el banco, quiz\u00e1 simplemente como un ser an\u00f3nimo e insignificante entre la muchedumbre&#8230;<br \/>\nDe ah\u00ed es f\u00e1cil pensar que no nos interesamos por nadie porque nadie parece interesarse por nosotros!!<br \/>\nNo obstante ese pensamiento es un error!!Existe alguien que sabe qui\u00e9n eres, conoce tu nombre y escucha el menor de tus suspiros!!<\/p>\n<p><strong>David que lo sab\u00eda muy bien dijo \u201ct\u00fa has conocido mi sentarme y mi levantarme; has entendido desde lejos mis pensamientos. Pues aun no est\u00e1 la palabra en mi lengua y he aqu\u00ed oh Jehov\u00e1 t\u00fa la sabes toda\u201d<br \/>\n(Salmos 139:2-4.)<\/strong><\/p>\n<p>El Se\u00f1or Jes\u00fas, el buen pastor, llama a cada una de sus ovejas por su nombre, tal vez creas que nadie puede entenderte, conocerte y amarte, sin embargo debes saber que \u00c9l est\u00e1 pendiente de todo lo que esta sucedi\u00e9ndote y no s\u00f3lo est\u00e1 observ\u00e1ndote sino tambi\u00e9n est\u00e1 dispuesto a bendecirte!! Pues El se goza en hacerlo!!<br \/>\n\u201cConoce el Se\u00f1or a los que son suyos\u201d<br \/>\n(2 Timoteo 2:19)<\/p>\n<p>Amigos.. sin importar la situaci\u00f3n o circunstancia en tu presente la cual te ha llevado a sentirte insignificante o invisible ya sea porque te trataron as\u00ed toda tu vida o porque para alguien m\u00e1s eres un cero a la izquierda&#8230; quiero que te grabes hoy en tu coraz\u00f3n esto&#8230;<\/p>\n<p><strong>\u00abEres \u00fanico(a) a sus ojos y te dice: No temas, porque yo te redim\u00ed; te puse nombre, m\u00edo eres t\u00fa\u00bb.<br \/>\n(Isa\u00edas 43:1)<\/strong><\/p>\n<p>Para \u00c9l eres el m\u00e1s grande tesoro creado por sus manos!! Y nos ve como nadie jam\u00e1s nos podr\u00e1 ver!! Con el m\u00e1s grande e incomparable Amor!! Por esa raz\u00f3n env\u00edo a su \u00fanico Hijo a dar su vida por nosotros!! No es esto maravilloso?? Eres sumamente importante para alguien!! Nunca lo olvides!!<\/p>\n<p>DIOS LOS BENDIGA A TODOS!!<br \/>\nJon Alvarado<\/p>\n","protected":false},"excerpt":{"rendered":"<p>\u201cJehov\u00e1 es bueno, fortaleza en el d\u00eda de la angustia; y conoce a los que en \u00e9l conf\u00edan\u201d. (Nahum 1:7) Cuenta una historia que en una ciudad se inaugurar\u00eda una escuela en presencia del presidente del pa\u00eds y de una importante delegaci\u00f3n que lo acompa\u00f1aba, todos los alumnos vestir\u00edan y lucir\u00edan sus impecables uniformes para [&hellip;]<\/p>\n","protected":false},"author":1,"featured_media":1442,"comment_status":"closed","ping_status":"closed","sticky":false,"template":"","format":"standard","meta":{"_crdt_document":"","_monsterinsights_skip_tracking":false,"_monsterinsights_sitenote_active":false,"_monsterinsights_sitenote_note":"","_monsterinsights_sitenote_category":0,"footnotes":""},"categories":[35],"tags":[],"class_list":{"0":"post-1441","1":"post","2":"type-post","3":"status-publish","4":"format-standard","5":"has-post-thumbnail","6":"hentry","7":"category-jon-alvarado","9":"post-with-thumbnail","10":"post-with-thumbnail-large"},"aioseo_notices":[],"_links":{"self":[{"href":"https:\/\/radiocristianaenlinea.com\/radiocristiana\/wp-json\/wp\/v2\/posts\/1441","targetHints":{"allow":["GET"]}}],"collection":[{"href":"https:\/\/radiocristianaenlinea.com\/radiocristiana\/wp-json\/wp\/v2\/posts"}],"about":[{"href":"https:\/\/radiocristianaenlinea.com\/radiocristiana\/wp-json\/wp\/v2\/types\/post"}],"author":[{"embeddable":true,"href":"https:\/\/radiocristianaenlinea.com\/radiocristiana\/wp-json\/wp\/v2\/users\/1"}],"replies":[{"embeddable":true,"href":"https:\/\/radiocristianaenlinea.com\/radiocristiana\/wp-json\/wp\/v2\/comments?post=1441"}],"version-history":[{"count":1,"href":"https:\/\/radiocristianaenlinea.com\/radiocristiana\/wp-json\/wp\/v2\/posts\/1441\/revisions"}],"predecessor-version":[{"id":1443,"href":"https:\/\/radiocristianaenlinea.com\/radiocristiana\/wp-json\/wp\/v2\/posts\/1441\/revisions\/1443"}],"wp:featuredmedia":[{"embeddable":true,"href":"https:\/\/radiocristianaenlinea.com\/radiocristiana\/wp-json\/wp\/v2\/media\/1442"}],"wp:attachment":[{"href":"https:\/\/radiocristianaenlinea.com\/radiocristiana\/wp-json\/wp\/v2\/media?parent=1441"}],"wp:term":[{"taxonomy":"category","embeddable":true,"href":"https:\/\/radiocristianaenlinea.com\/radiocristiana\/wp-json\/wp\/v2\/categories?post=1441"},{"taxonomy":"post_tag","embeddable":true,"href":"https:\/\/radiocristianaenlinea.com\/radiocristiana\/wp-json\/wp\/v2\/tags?post=1441"}],"curies":[{"name":"wp","href":"https:\/\/api.w.org\/{rel}","templated":true}]}}