{"id":1447,"date":"2016-12-13T13:17:01","date_gmt":"2016-12-13T19:17:01","guid":{"rendered":"https:\/\/radiocristianaenlinea.com\/radiocristiana\/?p=1447"},"modified":"2016-12-13T13:17:01","modified_gmt":"2016-12-13T19:17:01","slug":"descansa-en-dios","status":"publish","type":"post","link":"https:\/\/radiocristianaenlinea.com\/radiocristiana\/2016\/12\/13\/descansa-en-dios\/","title":{"rendered":"DESCANSA EN DIOS"},"content":{"rendered":"<p><strong>\u201cEchando toda vuestra ansiedad sobre \u00e9l, porque \u00e9l tiene cuidado de vosotros\u00bb.<br \/>\n(1 Pedro 5:7)<\/strong><\/p>\n<p>La ansiedad es un t\u00e9rmino que podr\u00edamos decir, todos conocemos muy bien&#8230; El desconocer el futuro, las personas, las intenciones y en muchos casos; a nosotros mismos, crea emociones de inseguridad e incertidumbre.<br \/>\nPero vivir de este modo puede tornarse un tanto, o mejor dicho, demasiado tormentoso!!<br \/>\nLa ansiedad no te permite disfrutar el presente, te empuja a tomar decisiones apresuradas y te ofrece un ambiente de inseguridad constante!!<\/p>\n<p>Hoy Jes\u00fas te est\u00e1 invitando a vaciar todo aquella ansiedad que quiz\u00e1 un problema, un diagn\u00f3stico, el desempleo, relaci\u00f3n o circunstancia ha envuelto a tu vida&#8230;<\/p>\n<p>Dios no te est\u00e1 pidiendo que lo hagas porque tu preocupaci\u00f3n no es v\u00e1lida, ni en ning\u00fan momento intenta minimizar lo que sientes, al contrario El entiende tu condici\u00f3n y desespero y desea liberarte de tu carga y te dice con todo su amor \u201cYo la llevar\u00e9 por ti\u201d!<\/p>\n<p>El cuidado de Dios por tu vida y cada asunto que tenga que ver contigo, es la raz\u00f3n que lleva a Dios a extenderte tan inmerecida invitaci\u00f3n!! El cuida de ti, El te ama y nada va a cambiar eso, ni siquiera el hecho de que constantemente dudes de su existencia!<\/p>\n<p>Esta duda o falta de confianza, viene a ra\u00edz del desconocimiento de Dios&#8230; quiero que sepas que una vez familiarizado con el amor de Dios, protecci\u00f3n y su cuidado por sus hijos podr\u00e1s dejar tranquilamente toda carga que tengas!! Te lo aseguro!!!<\/p>\n<p>Amigos&#8230; Viviendo en Dios ser\u00e1 la \u00fanica forma de confiar y tener paz a\u00fan en medio de las cargas m\u00e1s pesadas.!!<\/p>\n<p><strong>\u201cPor nada est\u00e9is afanosos, sino sean conocidas vuestras peticiones delante de Dios en toda oraci\u00f3n y ruego, con acci\u00f3n de gracias. Y la paz de Dios, que sobrepasa todo entendimiento, guardar\u00e1 vuestros corazones y vuestros pensamientos en Cristo Jes\u00fas\u201d.<br \/>\n(Filipenses 4:6-7)<\/strong><\/p>\n<p>DIOS LOS BENDIGA A TODOS Y DISFRUTEN SU FIN DE SEMANA!!<br \/>\nJon Alvarado<\/p>\n","protected":false},"excerpt":{"rendered":"<p>\u201cEchando toda vuestra ansiedad sobre \u00e9l, porque \u00e9l tiene cuidado de vosotros\u00bb. (1 Pedro 5:7) La ansiedad es un t\u00e9rmino que podr\u00edamos decir, todos conocemos muy bien&#8230; El desconocer el futuro, las personas, las intenciones y en muchos casos; a nosotros mismos, crea emociones de inseguridad e incertidumbre. Pero vivir de este modo puede tornarse [&hellip;]<\/p>\n","protected":false},"author":1,"featured_media":1448,"comment_status":"closed","ping_status":"closed","sticky":false,"template":"","format":"standard","meta":{"_crdt_document":"","_monsterinsights_skip_tracking":false,"_monsterinsights_sitenote_active":false,"_monsterinsights_sitenote_note":"","_monsterinsights_sitenote_category":0,"footnotes":""},"categories":[35],"tags":[],"class_list":{"0":"post-1447","1":"post","2":"type-post","3":"status-publish","4":"format-standard","5":"has-post-thumbnail","6":"hentry","7":"category-jon-alvarado","9":"post-with-thumbnail","10":"post-with-thumbnail-large"},"aioseo_notices":[],"_links":{"self":[{"href":"https:\/\/radiocristianaenlinea.com\/radiocristiana\/wp-json\/wp\/v2\/posts\/1447","targetHints":{"allow":["GET"]}}],"collection":[{"href":"https:\/\/radiocristianaenlinea.com\/radiocristiana\/wp-json\/wp\/v2\/posts"}],"about":[{"href":"https:\/\/radiocristianaenlinea.com\/radiocristiana\/wp-json\/wp\/v2\/types\/post"}],"author":[{"embeddable":true,"href":"https:\/\/radiocristianaenlinea.com\/radiocristiana\/wp-json\/wp\/v2\/users\/1"}],"replies":[{"embeddable":true,"href":"https:\/\/radiocristianaenlinea.com\/radiocristiana\/wp-json\/wp\/v2\/comments?post=1447"}],"version-history":[{"count":1,"href":"https:\/\/radiocristianaenlinea.com\/radiocristiana\/wp-json\/wp\/v2\/posts\/1447\/revisions"}],"predecessor-version":[{"id":1449,"href":"https:\/\/radiocristianaenlinea.com\/radiocristiana\/wp-json\/wp\/v2\/posts\/1447\/revisions\/1449"}],"wp:featuredmedia":[{"embeddable":true,"href":"https:\/\/radiocristianaenlinea.com\/radiocristiana\/wp-json\/wp\/v2\/media\/1448"}],"wp:attachment":[{"href":"https:\/\/radiocristianaenlinea.com\/radiocristiana\/wp-json\/wp\/v2\/media?parent=1447"}],"wp:term":[{"taxonomy":"category","embeddable":true,"href":"https:\/\/radiocristianaenlinea.com\/radiocristiana\/wp-json\/wp\/v2\/categories?post=1447"},{"taxonomy":"post_tag","embeddable":true,"href":"https:\/\/radiocristianaenlinea.com\/radiocristiana\/wp-json\/wp\/v2\/tags?post=1447"}],"curies":[{"name":"wp","href":"https:\/\/api.w.org\/{rel}","templated":true}]}}