{"id":1526,"date":"2017-01-04T20:02:10","date_gmt":"2017-01-05T02:02:10","guid":{"rendered":"https:\/\/radiocristianaenlinea.com\/radiocristiana\/?p=1526"},"modified":"2017-01-04T20:02:10","modified_gmt":"2017-01-05T02:02:10","slug":"atrevete-a-volar","status":"publish","type":"post","link":"https:\/\/radiocristianaenlinea.com\/radiocristiana\/2017\/01\/04\/atrevete-a-volar\/","title":{"rendered":"ATR\u00c9VETE A VOLAR!!"},"content":{"rendered":"<p><strong>\u00abMis pensamientos no se parecen en nada a sus pensamientos, dice el Se\u00f1or. Y mis caminos est\u00e1n muy por encima de lo que pudieran imaginarse\u00bb.<\/strong><br \/>\n<strong>(Isa\u00edas 55:8)<\/strong><\/p>\n<div class=\"text_exposed_show\">\n<p>Un rey recibi\u00f3 como obsequio, dos peque\u00f1os halcones, y los entreg\u00f3 al maestro de cetrer\u00eda, para que los entrenara, pasados unos meses, el maestro le inform\u00f3 al rey que uno de los halcones estaba perfectamente, pero que al otro no sab\u00eda qu\u00e9 le suced\u00eda!.. No se hab\u00eda movido de la rama donde lo hab\u00edan dejado desde el d\u00eda que lleg\u00f3!<\/p>\n<p>El rey mand\u00f3 llamar a curanderos para que vieran al halc\u00f3n, pero nadie pudo hacer volar al ave&#8230; Encarg\u00f3, entonces, la misi\u00f3n a miembros de la corte, pero nada sucedi\u00f3, al d\u00eda siguiente, por la ventana, el monarca pudo observar, que el ave a\u00fan continuaba inm\u00f3vil, entonces, decidi\u00f3 comunicar a su pueblo que ofrecer\u00eda una recompensa a la persona que hiciera volar al halc\u00f3n.<br \/>\nA la ma\u00f1ana siguiente, vio al halc\u00f3n volando \u00e1gilmente por los jardines!!&#8230;<\/p>\n<p>El rey dijo a su corte: \u201cTraedme al autor de este milagro\u201d!! Su corte r\u00e1pidamente le present\u00f3 a un campesino al cu\u00e1l el rey le pregunt\u00f3: T\u00fa hiciste volar al halc\u00f3n?.. C\u00f3mo lo hiciste?.. Eres mago?, intimidado el campesino le dijo al rey: Fue f\u00e1cil mi rey.. s\u00f3lo corte la rama, y el halc\u00f3n vol\u00f3!! Se di\u00f3 cuenta que ten\u00eda alas y empez\u00f3 a \u00abAtr\u00e9vete a Volar&#8230;\u00bb<\/p>\n<p>jardines.<\/p>\n<p>El rey dijo a su corte: \u201cTraedme al autor de este milagro\u201d. Su corte r\u00e1pidamente le present\u00f3 a un campesino. El rey le pregunt\u00f3: \u00bfT\u00fa hiciste volar al halc\u00f3n? \u00bfC\u00f3mo lo hiciste? \u00bfEres mago? Intimidado el campesino le dijo al rey: Fue f\u00e1cil mi rey. S\u00f3lo corte la rama, y el halc\u00f3n vol\u00f3. Se dio cuenta que ten\u00eda alas y empez\u00f3 a volar!!\u2026<\/p>\n<p>Amigo..A qu\u00e9 est\u00e1s agarrado, o qu\u00e9 te impide volar?.. De qu\u00e9 no te puedes soltar?<\/p>\n<p>Deja de aferrarte a tu propia rama y corre el riesgo de volar m\u00e1s alto!! Dios nos ha dado alas para volar alto, tan alto como las \u00e1guilas y descubrir que sus pensamientos al igual que sus caminos, son m\u00e1s altos que los nuestros.<\/p>\n<p>Cuando Dios te quita aquello que ten\u00edas agarrado, El no est\u00e1 castig\u00e1ndote, sino simplemente est\u00e1 abriendo tus manos para que recibas algo mejor!!!<\/p>\n<p><strong>\u00abMas los que esperan en Jehov\u00e1 tendr\u00e1n nuevas fuerzas, levantar\u00e1n alas como las \u00e1guilas, correr\u00e1n y no se cansar\u00e1n, caminar\u00e1n y no se fatigar\u00e1n\u00bb. <\/strong><br \/>\n<strong>(Isa\u00edas 40:31)<\/strong><\/p>\n<p>DIOS LOS BENDIGA A TODOS!!<br \/>\nJon Alvrado<\/p>\n<\/div>\n","protected":false},"excerpt":{"rendered":"<p>\u00abMis pensamientos no se parecen en nada a sus pensamientos, dice el Se\u00f1or. Y mis caminos est\u00e1n muy por encima de lo que pudieran imaginarse\u00bb. (Isa\u00edas 55:8) Un rey recibi\u00f3 como obsequio, dos peque\u00f1os halcones, y los entreg\u00f3 al maestro de cetrer\u00eda, para que los entrenara, pasados unos meses, el maestro le inform\u00f3 al rey [&hellip;]<\/p>\n","protected":false},"author":1,"featured_media":1527,"comment_status":"closed","ping_status":"closed","sticky":false,"template":"","format":"standard","meta":{"_crdt_document":"","_monsterinsights_skip_tracking":false,"_monsterinsights_sitenote_active":false,"_monsterinsights_sitenote_note":"","_monsterinsights_sitenote_category":0,"footnotes":""},"categories":[35],"tags":[],"class_list":{"0":"post-1526","1":"post","2":"type-post","3":"status-publish","4":"format-standard","5":"has-post-thumbnail","6":"hentry","7":"category-jon-alvarado","9":"post-with-thumbnail","10":"post-with-thumbnail-large"},"aioseo_notices":[],"_links":{"self":[{"href":"https:\/\/radiocristianaenlinea.com\/radiocristiana\/wp-json\/wp\/v2\/posts\/1526","targetHints":{"allow":["GET"]}}],"collection":[{"href":"https:\/\/radiocristianaenlinea.com\/radiocristiana\/wp-json\/wp\/v2\/posts"}],"about":[{"href":"https:\/\/radiocristianaenlinea.com\/radiocristiana\/wp-json\/wp\/v2\/types\/post"}],"author":[{"embeddable":true,"href":"https:\/\/radiocristianaenlinea.com\/radiocristiana\/wp-json\/wp\/v2\/users\/1"}],"replies":[{"embeddable":true,"href":"https:\/\/radiocristianaenlinea.com\/radiocristiana\/wp-json\/wp\/v2\/comments?post=1526"}],"version-history":[{"count":1,"href":"https:\/\/radiocristianaenlinea.com\/radiocristiana\/wp-json\/wp\/v2\/posts\/1526\/revisions"}],"predecessor-version":[{"id":1528,"href":"https:\/\/radiocristianaenlinea.com\/radiocristiana\/wp-json\/wp\/v2\/posts\/1526\/revisions\/1528"}],"wp:featuredmedia":[{"embeddable":true,"href":"https:\/\/radiocristianaenlinea.com\/radiocristiana\/wp-json\/wp\/v2\/media\/1527"}],"wp:attachment":[{"href":"https:\/\/radiocristianaenlinea.com\/radiocristiana\/wp-json\/wp\/v2\/media?parent=1526"}],"wp:term":[{"taxonomy":"category","embeddable":true,"href":"https:\/\/radiocristianaenlinea.com\/radiocristiana\/wp-json\/wp\/v2\/categories?post=1526"},{"taxonomy":"post_tag","embeddable":true,"href":"https:\/\/radiocristianaenlinea.com\/radiocristiana\/wp-json\/wp\/v2\/tags?post=1526"}],"curies":[{"name":"wp","href":"https:\/\/api.w.org\/{rel}","templated":true}]}}