{"id":1530,"date":"2017-01-05T14:46:38","date_gmt":"2017-01-05T20:46:38","guid":{"rendered":"https:\/\/radiocristianaenlinea.com\/radiocristiana\/?p=1530"},"modified":"2019-10-02T14:45:42","modified_gmt":"2019-10-02T19:45:42","slug":"dos-mejor-que-uno","status":"publish","type":"post","link":"https:\/\/radiocristianaenlinea.com\/radiocristiana\/2017\/01\/05\/dos-mejor-que-uno\/","title":{"rendered":"DOS MEJOR QUE UNO (NO ES BUENO ESTAR SOLO)"},"content":{"rendered":"<p>Cuando nos vemos en la necesidad de levantar un objeto muy pesado, suele pasar que nos resulta imposible hacerlo si lo queremos hacer solos, r\u00e1pidamente nos damos cuenta que necesitamos una ayuda que nos permita levantar el objeto y as\u00ed trasladarlo al lugar que queremos. Por eso Dos es mejor que uno.<\/p>\n<p>Se hace necesario m\u00e1s de una fuerza asociada para lograr el fin, de igual manera pasa en una f\u00e1brica, no funciona con un solo empleado sino con un conjunto de ellos, que d\u00eda a d\u00eda trabajan de manera coordinada para lograr el producto final.<\/p>\n<p>Tambi\u00e9n nos pasa en nuestra vida, Dios nos ha dado la dicha de contar con amigos o personas allegadas que han sido y son de gran ayuda para superar nuestros conflictos y problemas, sin embargo no siempre nos sentimos de esa manera y hasta podemos decir: Yo no tengo a nadie y ni quiero, porque los que tuve me han decepcionado, abusado de mi confianza y me dieron la espalda, justamente cuando m\u00e1s los necesitaba..<\/p>\n<p>Lamentablemente en algunos casos esto es cierto, pero la palabra de Dios nos dice:<\/p>\n<h3><strong>Romanos 3:10<\/strong><\/h3>\n<p><strong>\u201cNo hay justo ni aun uno\u201d <\/strong><\/p>\n<p>Nos confronta porque nosotros tambi\u00e9n hemos fallado alguna vez, por lo cual si te han defraudado, que \u00e9sta no sea la causa, para pensar que no le importas a nadie o que no necesitas de la ayuda de otra persona&#8230;<\/p>\n<p><strong>El dicho popular declara: \u00abMejor solo, que mal acompa\u00f1ado\u00bb, sin embargo, qu\u00e9 dice la Biblia? <\/strong><strong>En:<\/strong><\/p>\n<h3><strong>Eclesiast\u00e9s 4: 9-10<\/strong><\/h3>\n<p><strong>\u00a0<\/strong><strong>\u201cEs mejor ser dos que uno, porque ambos pueden ayudarse mutuamente a lograr el \u00e9xito. Si uno cae, el otro puede darle la mano y ayudarle; pero el que cae y est\u00e1 solo, ese s\u00ed que est\u00e1 en problemas\u201d<\/strong><\/p>\n<p>Estas palabras nos animan a pensar que efectivamente necesitamos de la ayuda de otros y tambi\u00e9n a ser de apoyo para los dem\u00e1s, Jes\u00fas es un ejemplo vivo de amistad productiva!!<br \/>\nLa Biblia relata c\u00f3mo brind\u00f3 ayuda a las personas que tuvieron un encuentro con \u00e9l, una transformaci\u00f3n suced\u00eda en cada vida, como el ladr\u00f3n que se hallaba a su lado en la cruz, casi sin aliento, pero por su gran misericordia, lo llev\u00f3 a experimentar la salvaci\u00f3n! Y vivir en el para\u00edso!!<\/p>\n<p>Amigo&#8230; Seguramente t\u00fa y yo podemos ser esa mano que se extiende para levantar al ca\u00eddo, esa voz que transmite palabras de vida al que no tiene esperanza, la direcci\u00f3n al que est\u00e1 desorientado, palabras y hechos que aporten madurez integral a nuestro pr\u00f3jimo, como Jes\u00fas mismo dijo:<\/p>\n<h3><strong>Hechos 20:25<\/strong><\/h3>\n<p><strong>\u201cHay m\u00e1s bendici\u00f3n en dar que en recibir\u201d<\/strong><br \/>\nTal vez te sientas solo, y con fuerzas insuficientes para levantar un pesado problema que te agobia, quiz\u00e1s te sientas agotado, de haber tratado de diferentes maneras, pero recuerda dos cosas:<\/p>\n<p>*No est\u00e1s solo, tu familia de la fe, est\u00e1 contigo dispuesta a compartir tu carga y principalmente,<br \/>\n*Jes\u00fas sigue con su mano extendida, dici\u00e9ndote:<\/p>\n<h3><strong>Mateo 11: 28-30<\/strong><\/h3>\n<p><strong>\u00abVenid a m\u00ed todos los que est\u00e1is trabajados y cargados, y yo os har\u00e9 descansar. Llevad mi yugo sobre vosotros, y aprended de m\u00ed, que soy manso y humilde de coraz\u00f3n; y hallar\u00e9is descanso para vuestras almas; porque mi yugo es f\u00e1cil, y ligera mi carga\u00bb. <\/strong><\/p>\n<p>Recuerda visitar nuestra pagina en <a href=\"https:\/\/www.facebook.com\/radiocristianaenlineamexico\/\">facebook<\/a>, y te invitamos a escuchar los siguientes <a href=\"https:\/\/radiocristianaenlinea.com\/radiocristiana\/2018\/05\/29\/mures-en-la-palabra-sara\/\">audios.<\/a><\/p>\n<p>DIOS LOS BENDIGA A TODOS!!<br \/>\nJon Alvarado<\/p>\n","protected":false},"excerpt":{"rendered":"<p>Cuando nos vemos en la necesidad de levantar un objeto muy pesado, suele pasar que nos resulta imposible hacerlo si lo queremos hacer solos, r\u00e1pidamente nos damos cuenta que necesitamos una ayuda que nos permita levantar el objeto y as\u00ed trasladarlo al lugar que queremos..<\/p>\n","protected":false},"author":1,"featured_media":1531,"comment_status":"closed","ping_status":"closed","sticky":false,"template":"","format":"standard","meta":{"_crdt_document":"","_monsterinsights_skip_tracking":false,"_monsterinsights_sitenote_active":false,"_monsterinsights_sitenote_note":"","_monsterinsights_sitenote_category":0,"footnotes":""},"categories":[35],"tags":[52,74,444,445,306,335,48,72,443],"class_list":{"0":"post-1530","1":"post","2":"type-post","3":"status-publish","4":"format-standard","5":"has-post-thumbnail","6":"hentry","7":"category-jon-alvarado","8":"tag-devocional","9":"tag-devocionales","10":"tag-eclesiastes-49","11":"tag-hechos-2025","12":"tag-la-estacion-que-te-da-paz","13":"tag-mateo-1128","14":"tag-radiocristianaenlinea","15":"tag-radiocristianaenlinea-com","16":"tag-romanos-310","18":"post-with-thumbnail","19":"post-with-thumbnail-large"},"aioseo_notices":[],"_links":{"self":[{"href":"https:\/\/radiocristianaenlinea.com\/radiocristiana\/wp-json\/wp\/v2\/posts\/1530","targetHints":{"allow":["GET"]}}],"collection":[{"href":"https:\/\/radiocristianaenlinea.com\/radiocristiana\/wp-json\/wp\/v2\/posts"}],"about":[{"href":"https:\/\/radiocristianaenlinea.com\/radiocristiana\/wp-json\/wp\/v2\/types\/post"}],"author":[{"embeddable":true,"href":"https:\/\/radiocristianaenlinea.com\/radiocristiana\/wp-json\/wp\/v2\/users\/1"}],"replies":[{"embeddable":true,"href":"https:\/\/radiocristianaenlinea.com\/radiocristiana\/wp-json\/wp\/v2\/comments?post=1530"}],"version-history":[{"count":6,"href":"https:\/\/radiocristianaenlinea.com\/radiocristiana\/wp-json\/wp\/v2\/posts\/1530\/revisions"}],"predecessor-version":[{"id":3848,"href":"https:\/\/radiocristianaenlinea.com\/radiocristiana\/wp-json\/wp\/v2\/posts\/1530\/revisions\/3848"}],"wp:featuredmedia":[{"embeddable":true,"href":"https:\/\/radiocristianaenlinea.com\/radiocristiana\/wp-json\/wp\/v2\/media\/1531"}],"wp:attachment":[{"href":"https:\/\/radiocristianaenlinea.com\/radiocristiana\/wp-json\/wp\/v2\/media?parent=1530"}],"wp:term":[{"taxonomy":"category","embeddable":true,"href":"https:\/\/radiocristianaenlinea.com\/radiocristiana\/wp-json\/wp\/v2\/categories?post=1530"},{"taxonomy":"post_tag","embeddable":true,"href":"https:\/\/radiocristianaenlinea.com\/radiocristiana\/wp-json\/wp\/v2\/tags?post=1530"}],"curies":[{"name":"wp","href":"https:\/\/api.w.org\/{rel}","templated":true}]}}