{"id":1587,"date":"2017-01-26T10:01:31","date_gmt":"2017-01-26T16:01:31","guid":{"rendered":"https:\/\/radiocristianaenlinea.com\/radiocristiana\/?p=1587"},"modified":"2017-01-26T10:32:24","modified_gmt":"2017-01-26T16:32:24","slug":"entrevista-eric-mendez-desde-cuba","status":"publish","type":"post","link":"https:\/\/radiocristianaenlinea.com\/radiocristiana\/2017\/01\/26\/entrevista-eric-mendez-desde-cuba\/","title":{"rendered":"Entrevista Eric Mendez desde Cuba"},"content":{"rendered":"<p><strong>Eric M\u00e9ndez: un trovador cristiano.<br \/>\nEntrevista: Flor Mendoza<br \/>\nNota: Gabriela Mondrag\u00f3n<br \/>\n                             <\/strong><br \/>\n      Nacido en La Habana, Cuba. Eric M\u00e9ndez es un trovador que dej\u00f3 el mundo para cantarle a Jes\u00fas.<br \/>\nRadiocristianaenlinea (26\/01\/17).- Con su \u00e9xito \u201cCanto a Jes\u00fas\u201d, Eric a recorrido varias partes del mundo, entre ellos Dinamarca y Colombia.<\/p>\n<p>\u201cLa trova es una canci\u00f3n que tiene un rol protag\u00f3nico en Cuba. \u2018La bayamesa\u2019 de C\u00e9spedes y Fornaris, es la primer canci\u00f3n reconocida como trova tradicional. Desde un principio existi\u00f3 una tendencia a hacer canciones con un alto contenido po\u00e9tico, hubo trovadores que hicieron canciones muy hermosas acompa\u00f1adas siempre con la guitarra. Se convirti\u00f3 la trova en la canci\u00f3n t\u00edpica de Cuba y es una canci\u00f3n que tiene un corte po\u00e9tico en la letra, es compleja, y no es de f\u00e1cil acceso para todos, es m\u00e1s bien reflexiva.\u201d<\/p>\n<p>Eric, \u00bfc\u00f3mo fueron tus inicios en la m\u00fasica?<\/p>\n<p>\u201cDesde muy peque\u00f1o tuve inclinaci\u00f3n hacia la m\u00fasica, mi mam\u00e1 me llev\u00f3 a una escuela de m\u00fasica, all\u00ed estuve dos a\u00f1os. Despu\u00e9s tuve problemas en la escuela y me expulsaron; era muy indisciplinado, ten\u00eda problemas de concentraci\u00f3n.  Mi mam\u00e1 me llev\u00f3 al psic\u00f3logo y tuve tratamiento por eso, pero nunca logr\u00e9 prestar atenci\u00f3n, todo lo que s\u00e9 lo he aprendido de manera autodidacta, leyendo.\u201d<br \/>\n\u201cCuando entr\u00e9 a la escuela me di cuenta que lo que quer\u00eda era tocar la guitarra, pero no me dejaron cambiar de instrumento, ten\u00eda que seguir en canto. Eso me caus\u00f3 mucho desinter\u00e9s en las clases; la historia demuestra que fui guitarrista, pero aprend\u00ed escuchando, viendo, y reproduciendo guitarristas.\u201d<\/p>\n<p>La trova no es un g\u00e9nero que en el mundo cristiano se d\u00e9 mucho, casi nadie canta trova, \u00bfPor qu\u00e9 decidiste cantar trova?<\/p>\n<p>\u201cAqu\u00ed (Cuba) el pop no tiene mucha fuerza, sin embargo en la m\u00fasica cristiana casi toda es pop y rom\u00e1ntica. A los cubanos les parece que ya han escuchado mucha trova, la asocian con algo pol\u00edtico o social, est\u00e1n m\u00e1s interesados en lo for\u00e1neo, en la m\u00fasica pop cristiana y en todo lo que se escucha m\u00e1s usualmente, cuando t\u00fa vas a cantarles es como si no estuvieran receptivos, entonces los conciertos tienen que ser cortos, el mensaje no puede ser tan po\u00e9tico, debe ser m\u00e1s expl\u00edcito sino se aburren; sin embargo la raz\u00f3n por la que eleg\u00ed la trova, no fue para llegar al p\u00fablico cristiano sino para llegar a la gente que no es cristiana y la trova me permite cantar en bares, clubes, lugares donde est\u00e1 la gente del mundo, la gente que no conoce al Se\u00f1or, y aunque la trova talvez no le gusta mucho al p\u00fablico cristiano de Cuba; si le gusta mucho al p\u00fablico de la calle y es a ellos donde yo quiero llegar; mi inter\u00e9s nunca fue ser visto por la Iglesia o cantar en las congregaciones, de hecho empec\u00e9 a cantar en las iglesias cuando comenc\u00e9 a salir en la televisi\u00f3n contando mi testimonio y fue as\u00ed como me conocieron.\u201d<br \/>\n\u00bfC\u00f3mo surge \u201cCanto a Jes\u00fas\u201d?<\/p>\n<p>\u201cYa hab\u00eda acumulado muchas canciones cristianas, pero no estaba pensando en grabar el disco, sino estaba pensando en dar conciertos, en hacer una temporada de presentaciones con \u00e9stas canciones.  Estuve toda una \u00e9poca trabajando con m\u00fasicos que no eran cristianos, porque los m\u00fasicos cristianos tienen miedo de enfrentarse al p\u00fablico de la calle y los que se enfrentan ya van directamente al dinero y a lo comercial, ya no van con una idea de evangelizar o de impactar a ese p\u00fablico.<\/p>\n<p> Fue por eso que estuve trabajando con m\u00fasicos que no eran cristianos pero que estaban conmigo y asum\u00edan el reto de cantarle a ese publico, present\u00e1ndole canciones que hablaban de Cristo y adem\u00e1s de eso sin que nos pagaran ni un dinero. Estos m\u00fasicos son con los que grab\u00e9 mi primer disco \u2018Sembrando\u2019 en el 2007, el segundo disco \u2018De vuelta a la guitarra\u2019 un disco m\u00e1s sencillo pero que estuvo nominado en \u2018Cuba disco\u2019, los dos son discos en vivo.\u201d<br \/>\n\u201cDespu\u00e9s hicimos \u2018Canto a Jes\u00fas\u2019 en los estudios de Pablo Milan\u00e9s, porque me dijeron que ten\u00eda que grabar ya esas canciones y me brindaron el estudio de manera gratuita. Me dieron bastante tiempo para poder grabar el disco m\u00e1s del que le dan a cualquier otra persona.\u201d<\/p>\n<p>\u00bf\u2019Canto a Jes\u00fas\u2019 es el disco que te abri\u00f3 las puertas al extranjero?<br \/>\n\u201cSi, esa canci\u00f3n espec\u00edficamente me abri\u00f3 las puertas a muchos lugares, Dinamarca por ejemplo, donde hago una gira todos los a\u00f1os en escuelas p\u00fablicas, escuelas de arte, un lugar donde no voy a cantar a la iglesia, le canto a los j\u00f3venes. Hay clases de espa\u00f1ol en escuelas, donde estudian la canci\u00f3n \u2018Canto a Jes\u00fas\u2019 como parte del contenido para aprender espa\u00f1ol y me invitan una vez al a\u00f1o a las escuelas y estudiamos las canciones.\u201d<br \/>\n\u00bfMe podr\u00edas decir porqu\u00e9 le cantas a Jes\u00fas? <\/p>\n<p>\u201cEmpec\u00e9 a consumir drogas cuando ten\u00eda 13 a\u00f1os, drogarme se convirti\u00f3 en el centro de mi vida, no me interesaba nada y en el a\u00f1o 1995 cuando ten\u00eda 17 a\u00f1os fui preso por tr\u00e1fico de drogas, estuve preso hasta el 99, sal\u00ed de 21 a\u00f1os de prisi\u00f3n. Me volvieron a atrapar con drogas en el a\u00f1o 2000 y me llevaron a una estaci\u00f3n de polic\u00eda y ah\u00ed fue donde hice una oraci\u00f3n por primera vez, yo no sab\u00eda exactamente quien era Dios, nadie en ese momento me habl\u00f3 de Jes\u00fas, fue sencillamente un momento que tuve de arrepentimiento y recuerdo que le dije que me ayudara, porque yo ya no sab\u00eda como enfrentar mi vida, los planes que ten\u00eda se acababan de derrumbar y sab\u00eda que ir\u00eda nuevamente a prisi\u00f3n .\u201d<br \/>\n\u201cAl d\u00eda siguiente pas\u00f3 algo sorprendente, una mujer polic\u00eda le pidi\u00f3 a mi mam\u00e1 un certificado de antecedentes penales y no me salieron, s\u00f3lo sali\u00f3 una hoja donde dec\u00eda que hab\u00eda sido sancionado por un problema leve de tenencia de drogas y no sal\u00eda que hab\u00eda estado en la c\u00e1rcel por tr\u00e1fico de drogas; le dijimos que hab\u00eda un error pero ese fue el certificado que us\u00f3 para mi expediente y eso me ayud\u00f3 a no ir nuevamente a prisi\u00f3n. Me sancionaron a dos a\u00f1os de limitaci\u00f3n de la libertad, o sea, de la casa al trabajo y fue en esos dos a\u00f1os donde me entregu\u00e9 por completo a Dios junto con mi esposa.\u201d<br \/>\n\u201cDesde entonces le canto a Jes\u00fas.\u201d <\/p>\n<p>     <iframe loading=\"lazy\" width=\"655\" height=\"374\" src=\"https:\/\/www.youtube.com\/embed\/YvIGhpGsqjc\" frameborder=\"0\" allowfullscreen><\/iframe><\/p>\n","protected":false},"excerpt":{"rendered":"<p>Eric M\u00e9ndez: un trovador cristiano. Entrevista: Flor Mendoza Nota: Gabriela Mondrag\u00f3n Nacido en La Habana, Cuba. Eric M\u00e9ndez es un trovador que dej\u00f3 el mundo para cantarle a Jes\u00fas. Radiocristianaenlinea (26\/01\/17).- Con su \u00e9xito \u201cCanto a Jes\u00fas\u201d, Eric a recorrido varias partes del mundo, entre ellos Dinamarca y Colombia. \u201cLa trova es una canci\u00f3n que [&hellip;]<\/p>\n","protected":false},"author":1,"featured_media":1306,"comment_status":"closed","ping_status":"closed","sticky":false,"template":"","format":"standard","meta":{"_crdt_document":"","_monsterinsights_skip_tracking":false,"_monsterinsights_sitenote_active":false,"_monsterinsights_sitenote_note":"","_monsterinsights_sitenote_category":0,"footnotes":""},"categories":[29],"tags":[],"class_list":{"0":"post-1587","1":"post","2":"type-post","3":"status-publish","4":"format-standard","5":"has-post-thumbnail","6":"hentry","7":"category-noticia-de-medios","9":"post-with-thumbnail","10":"post-with-thumbnail-large"},"aioseo_notices":[],"_links":{"self":[{"href":"https:\/\/radiocristianaenlinea.com\/radiocristiana\/wp-json\/wp\/v2\/posts\/1587","targetHints":{"allow":["GET"]}}],"collection":[{"href":"https:\/\/radiocristianaenlinea.com\/radiocristiana\/wp-json\/wp\/v2\/posts"}],"about":[{"href":"https:\/\/radiocristianaenlinea.com\/radiocristiana\/wp-json\/wp\/v2\/types\/post"}],"author":[{"embeddable":true,"href":"https:\/\/radiocristianaenlinea.com\/radiocristiana\/wp-json\/wp\/v2\/users\/1"}],"replies":[{"embeddable":true,"href":"https:\/\/radiocristianaenlinea.com\/radiocristiana\/wp-json\/wp\/v2\/comments?post=1587"}],"version-history":[{"count":2,"href":"https:\/\/radiocristianaenlinea.com\/radiocristiana\/wp-json\/wp\/v2\/posts\/1587\/revisions"}],"predecessor-version":[{"id":1590,"href":"https:\/\/radiocristianaenlinea.com\/radiocristiana\/wp-json\/wp\/v2\/posts\/1587\/revisions\/1590"}],"wp:featuredmedia":[{"embeddable":true,"href":"https:\/\/radiocristianaenlinea.com\/radiocristiana\/wp-json\/wp\/v2\/media\/1306"}],"wp:attachment":[{"href":"https:\/\/radiocristianaenlinea.com\/radiocristiana\/wp-json\/wp\/v2\/media?parent=1587"}],"wp:term":[{"taxonomy":"category","embeddable":true,"href":"https:\/\/radiocristianaenlinea.com\/radiocristiana\/wp-json\/wp\/v2\/categories?post=1587"},{"taxonomy":"post_tag","embeddable":true,"href":"https:\/\/radiocristianaenlinea.com\/radiocristiana\/wp-json\/wp\/v2\/tags?post=1587"}],"curies":[{"name":"wp","href":"https:\/\/api.w.org\/{rel}","templated":true}]}}