{"id":1632,"date":"2017-02-08T10:57:56","date_gmt":"2017-02-08T16:57:56","guid":{"rendered":"https:\/\/radiocristianaenlinea.com\/radiocristiana\/?p=1632"},"modified":"2017-02-08T10:57:56","modified_gmt":"2017-02-08T16:57:56","slug":"el-dinero-no-lo-es-todo","status":"publish","type":"post","link":"https:\/\/radiocristianaenlinea.com\/radiocristiana\/2017\/02\/08\/el-dinero-no-lo-es-todo\/","title":{"rendered":"EL DINERO NO LO ES TODO"},"content":{"rendered":"<p><strong>Y les dijo: \u201cMirad, guardaos de toda avaricia, porque la vida del hombre no consiste en la abundancia de los bienes que posee\u201d.<br \/>\n(Lucas 12:15)<\/strong><\/p>\n<p>Un dignatario se le acer\u00f3 a Jes\u00fas y le pregunt\u00f3: &#8211; Maestro \u00bfqu\u00e9 har\u00e9 para heredar la vida eterna?<br \/>\nJes\u00fas le dijo: Guarda los mandamientos. \u201cNo adulterar\u00e1s; no matar\u00e1s; no hurtar\u00e1s; no dir\u00e1s falso testimonio; honra a tu padre y a tu madre.\u201d<\/p>\n<p>\u00c9l le dijo: Todo esto lo he guardado desde mi juventud.<\/p>\n<p>Al o\u00edr esto, Jes\u00fas le dijo: A\u00fan te falta una cosa: vende todo lo que tienes y dalo a los pobres, y tendr\u00e1s tesoro en el cielo; y ven, s\u00edgueme.<\/p>\n<p>Entonces \u00e9l, oyendo esto, se puso muy triste porque ten\u00eda muchas posesiones.<br \/>\nEs probable que te encuentras en la misma situaci\u00f3n que \u00e9sta persona y no sabes si seguir a Dios y obedecerlo o seguir luchando y trabajando por alcanzar tus metas personales y profesionales&#8230; esto no quiere decir que no te esfuerces todos los d\u00edas para ser mejor en todo!! Pero cuando entra al coraz\u00f3n la ambici\u00f3n y avaricia ah\u00ed es donde todo cambia!!<\/p>\n<p>D\u00e9jame decirte que nada tiene m\u00e1s valor que servir a Dios y hacer su voluntad, por experiencia propia! puedo decirte que no hay cosa m\u00e1s hermosa en la vida que poder ser usado por Dios para bendecir a otras personas!!<\/p>\n<p>Lo he comentado muchas veces!! A Dios le ha placido ayudarme y usarme para compartir estas reflexiones porque tienen un prop\u00f3sito de alentar y hacer saber qu\u00e9 hay algo m\u00e1s grande que todas las cosas buenas o malas y ese es Jesucristo!! Y agradezco con todo mi coraz\u00f3n que \u00c9l me use para este fin porque no lo merezco!!&#8230; pero a \u00c9l sea toda la Gloria!!<\/p>\n<p>Amigo&#8230; posiblemente no tengas todo lo que desees, pero te aseguro que tendr\u00e1s todo lo que necesites, porque Dios tiene planes de bien para tu vida y promete que jam\u00e1s te desamparar\u00e1!!<br \/>\nRecuerda que Dios a quien llama, capacita!. En ning\u00fan momento sientas que no est\u00e1s preparado, que eres muy joven o muy mayor para trabajar en su obra!! No permitas que nada te impida cumplir el prop\u00f3sito con el cual fuiste creado!!<\/p>\n<p>Lo que \u00c9l ve es tu coraz\u00f3n y la disposici\u00f3n que hay en ti para servirlo, todo lo dem\u00e1s lo recibir\u00e1s por gracia.<\/p>\n<p>Ya no sigas retrasando tu bendici\u00f3n, dec\u00eddete seguir a Jes\u00fas y \u00c9l se encargar\u00e1 de conceder los anhelos de tu coraz\u00f3n!<\/p>\n<p><strong>\u201cPorque todos los males comienzan cuando s\u00f3lo se piensa en el dinero. Por el deseo de amontonarlo, muchos se olvidaron de obedecer a Dios y acabaron por tener muchos problemas y sufrimientos.\u201d<br \/>\n??(1 Timoteo? ?6:10?)<\/strong><br \/>\n<strong><br \/>\n\u201cVosotros, pues, no os preocup\u00e9is por lo que hab\u00e9is de comer, ni por lo que hab\u00e9is de beber, ni est\u00e9is en ansiosa inquietud. Porque todas estas cosas buscan las gentes del mundo; pero vuestro Padre sabe que ten\u00e9is necesidad de estas cosas. Mas buscad primero el reino de Dios, y todas estas cosas os ser\u00e1n a\u00f1adidas.\u201d<br \/>\n??(S. Lucas? ?12:29-31?)<\/strong><\/p>\n<p>DIOS LOS BENDIGA A TODOS!!<br \/>\nJon Alvarado<\/p>\n","protected":false},"excerpt":{"rendered":"<p>Y les dijo: \u201cMirad, guardaos de toda avaricia, porque la vida del hombre no consiste en la abundancia de los bienes que posee\u201d. (Lucas 12:15) Un dignatario se le acer\u00f3 a Jes\u00fas y le pregunt\u00f3: &#8211; Maestro \u00bfqu\u00e9 har\u00e9 para heredar la vida eterna? Jes\u00fas le dijo: Guarda los mandamientos. \u201cNo adulterar\u00e1s; no matar\u00e1s; no [&hellip;]<\/p>\n","protected":false},"author":1,"featured_media":1633,"comment_status":"closed","ping_status":"closed","sticky":false,"template":"","format":"standard","meta":{"_crdt_document":"","_monsterinsights_skip_tracking":false,"_monsterinsights_sitenote_active":false,"_monsterinsights_sitenote_note":"","_monsterinsights_sitenote_category":0,"footnotes":""},"categories":[35],"tags":[],"class_list":{"0":"post-1632","1":"post","2":"type-post","3":"status-publish","4":"format-standard","5":"has-post-thumbnail","6":"hentry","7":"category-jon-alvarado","9":"post-with-thumbnail","10":"post-with-thumbnail-large"},"aioseo_notices":[],"_links":{"self":[{"href":"https:\/\/radiocristianaenlinea.com\/radiocristiana\/wp-json\/wp\/v2\/posts\/1632","targetHints":{"allow":["GET"]}}],"collection":[{"href":"https:\/\/radiocristianaenlinea.com\/radiocristiana\/wp-json\/wp\/v2\/posts"}],"about":[{"href":"https:\/\/radiocristianaenlinea.com\/radiocristiana\/wp-json\/wp\/v2\/types\/post"}],"author":[{"embeddable":true,"href":"https:\/\/radiocristianaenlinea.com\/radiocristiana\/wp-json\/wp\/v2\/users\/1"}],"replies":[{"embeddable":true,"href":"https:\/\/radiocristianaenlinea.com\/radiocristiana\/wp-json\/wp\/v2\/comments?post=1632"}],"version-history":[{"count":1,"href":"https:\/\/radiocristianaenlinea.com\/radiocristiana\/wp-json\/wp\/v2\/posts\/1632\/revisions"}],"predecessor-version":[{"id":1634,"href":"https:\/\/radiocristianaenlinea.com\/radiocristiana\/wp-json\/wp\/v2\/posts\/1632\/revisions\/1634"}],"wp:featuredmedia":[{"embeddable":true,"href":"https:\/\/radiocristianaenlinea.com\/radiocristiana\/wp-json\/wp\/v2\/media\/1633"}],"wp:attachment":[{"href":"https:\/\/radiocristianaenlinea.com\/radiocristiana\/wp-json\/wp\/v2\/media?parent=1632"}],"wp:term":[{"taxonomy":"category","embeddable":true,"href":"https:\/\/radiocristianaenlinea.com\/radiocristiana\/wp-json\/wp\/v2\/categories?post=1632"},{"taxonomy":"post_tag","embeddable":true,"href":"https:\/\/radiocristianaenlinea.com\/radiocristiana\/wp-json\/wp\/v2\/tags?post=1632"}],"curies":[{"name":"wp","href":"https:\/\/api.w.org\/{rel}","templated":true}]}}