{"id":1649,"date":"2017-02-09T11:14:48","date_gmt":"2017-02-09T17:14:48","guid":{"rendered":"https:\/\/radiocristianaenlinea.com\/radiocristiana\/?p=1649"},"modified":"2017-02-09T11:14:48","modified_gmt":"2017-02-09T17:14:48","slug":"esperanza-contra-esperanza","status":"publish","type":"post","link":"https:\/\/radiocristianaenlinea.com\/radiocristiana\/2017\/02\/09\/esperanza-contra-esperanza\/","title":{"rendered":"ESPERANZA CONTRA ESPERANZA"},"content":{"rendered":"<p>La esperanza puede ser definida como aquella virtud que nos hace creer que pasar\u00e1 lo mejor, sin importar la cantidad de problemas, preocupaciones o dificultades que parezca que crecen sin darnos oportunidad ni respiro&#8230; Si tenemos esperanza seguiremos luchando, no nos rendiremos y mucho m\u00e1s si est\u00e1 puesta en Dios!!<\/p>\n<p>Probablemente en estos d\u00edas has recibido una noticia que te dej\u00f3 sin respirar!: una sentencia de divorcio, una carta de despido, una acusaci\u00f3n injusta, un diagn\u00f3stico m\u00e9dico mortal, la muerte de un ser querido o cualquier otra noticia que hace que tu mundo empiece a desmoronarse!!<\/p>\n<p>En realidad no importa la gravedad de la noticia o si t\u00fa fuiste quien caus\u00f3 la situaci\u00f3n o si fue alguien que hizo algo contra ti,&#8230; No importa si la gente te culpa o te dice que desistas, Dios tiene la \u00faltima palabra y aunque todo parezca estar en tu contra, mientras mantengas la mirada fija en tu Salvador, \u00c9l no te va a abandonar ni por un instante y ya tiene preparado un gran final para ti&#8230; \u00c9l es el especialista y experto en imposibles!!!<\/p>\n<p>En el libro de Romanos nos recuerdan el caso de un hombre que a\u00fan con todas las circunstancias en contra decidi\u00f3 creerle a Dios y esa confianza no fue defraudada!!, por el contrario, Dios lo consider\u00f3 justo debido a su fe!!<\/p>\n<p><strong>\u201cAun cuando no hab\u00eda motivos para tener esperanza, Abraham sigui\u00f3 teniendo esperanza porque hab\u00eda cre\u00eddo en que llegar\u00eda a ser el padre de muchas naciones. Pues Dios le hab\u00eda dicho: Esa ser\u00e1 la cantidad de descendientes que tendr\u00e1s\u201d<br \/>\n(Romanos 4:18)<\/strong><\/p>\n<p>Amigos!!&#8230;No importa lo que est\u00e1s atravesando, a\u00fan cuando no hay motivo alguno para tener esperanza, por favor sigue creyendo!!! Dios ha prometido que no te dejar\u00e1, no te va a abandonar!!! mant\u00e9n firme tu fe y Dios obrar\u00e1 siempre a tu favor!!<\/p>\n<p>Recuerda que tener fe no es vivir con todas las respuestas, la esperanza te permite tener la certeza de que Dios est\u00e1 en control de nuestras vidas y de las circunstancias que atravesamos, a\u00fan cuando el sentido com\u00fan te diga que no hay nada m\u00e1s que hacer&#8230; si pones tu esperanza en Dios podr\u00e1s ver Su mano obrando a tu favor!! Y podr\u00e1s ver esa luz potente y brillante en medio de toda tu oscuridad!!!<\/p>\n<p>DIOS LOS BENDIGA A TODOS!!<br \/>\nJon Alvarado<\/p>\n","protected":false},"excerpt":{"rendered":"<p>La esperanza puede ser definida como aquella virtud que nos hace creer que pasar\u00e1 lo mejor, sin importar la cantidad de problemas, preocupaciones o dificultades que parezca que crecen sin darnos oportunidad ni respiro&#8230; Si tenemos esperanza seguiremos luchando, no nos rendiremos y mucho m\u00e1s si est\u00e1 puesta en Dios!! Probablemente en estos d\u00edas has [&hellip;]<\/p>\n","protected":false},"author":1,"featured_media":1653,"comment_status":"closed","ping_status":"closed","sticky":false,"template":"","format":"standard","meta":{"_crdt_document":"","_monsterinsights_skip_tracking":false,"_monsterinsights_sitenote_active":false,"_monsterinsights_sitenote_note":"","_monsterinsights_sitenote_category":0,"footnotes":""},"categories":[35],"tags":[],"class_list":{"0":"post-1649","1":"post","2":"type-post","3":"status-publish","4":"format-standard","5":"has-post-thumbnail","6":"hentry","7":"category-jon-alvarado","9":"post-with-thumbnail","10":"post-with-thumbnail-large"},"aioseo_notices":[],"_links":{"self":[{"href":"https:\/\/radiocristianaenlinea.com\/radiocristiana\/wp-json\/wp\/v2\/posts\/1649","targetHints":{"allow":["GET"]}}],"collection":[{"href":"https:\/\/radiocristianaenlinea.com\/radiocristiana\/wp-json\/wp\/v2\/posts"}],"about":[{"href":"https:\/\/radiocristianaenlinea.com\/radiocristiana\/wp-json\/wp\/v2\/types\/post"}],"author":[{"embeddable":true,"href":"https:\/\/radiocristianaenlinea.com\/radiocristiana\/wp-json\/wp\/v2\/users\/1"}],"replies":[{"embeddable":true,"href":"https:\/\/radiocristianaenlinea.com\/radiocristiana\/wp-json\/wp\/v2\/comments?post=1649"}],"version-history":[{"count":1,"href":"https:\/\/radiocristianaenlinea.com\/radiocristiana\/wp-json\/wp\/v2\/posts\/1649\/revisions"}],"predecessor-version":[{"id":1652,"href":"https:\/\/radiocristianaenlinea.com\/radiocristiana\/wp-json\/wp\/v2\/posts\/1649\/revisions\/1652"}],"wp:featuredmedia":[{"embeddable":true,"href":"https:\/\/radiocristianaenlinea.com\/radiocristiana\/wp-json\/wp\/v2\/media\/1653"}],"wp:attachment":[{"href":"https:\/\/radiocristianaenlinea.com\/radiocristiana\/wp-json\/wp\/v2\/media?parent=1649"}],"wp:term":[{"taxonomy":"category","embeddable":true,"href":"https:\/\/radiocristianaenlinea.com\/radiocristiana\/wp-json\/wp\/v2\/categories?post=1649"},{"taxonomy":"post_tag","embeddable":true,"href":"https:\/\/radiocristianaenlinea.com\/radiocristiana\/wp-json\/wp\/v2\/tags?post=1649"}],"curies":[{"name":"wp","href":"https:\/\/api.w.org\/{rel}","templated":true}]}}