{"id":1656,"date":"2017-02-09T13:06:21","date_gmt":"2017-02-09T19:06:21","guid":{"rendered":"https:\/\/radiocristianaenlinea.com\/radiocristiana\/?p=1656"},"modified":"2017-02-09T14:46:13","modified_gmt":"2017-02-09T20:46:13","slug":"1656","status":"publish","type":"post","link":"https:\/\/radiocristianaenlinea.com\/radiocristiana\/2017\/02\/09\/1656\/","title":{"rendered":"\u00a1SAL DE LA OSCURIDAD!!"},"content":{"rendered":"<p><strong>\u201cEste es el mensaje que o\u00edmos de Jes\u00fas y que ahora les declaramos a ustedes: Dios es luz y en \u00e9l no hay nada de oscuridad. Por lo tanto, mentimos si afirmamos que tenemos comuni\u00f3n con Dios pero seguimos viviendo en oscuridad espiritual; no estamos practicando la verdad\u201d.<br \/>\n(1 Juan 1:5-6)<\/strong><\/p>\n<p>Este texto lo escribi\u00f3 Juan, el disc\u00edpulo amado de Jes\u00fas, aquel que cuando todos huyeron y se escondieron porque Cristo estaba siendo crucificado, se qued\u00f3 a su lado e inclusive se encarg\u00f3 de cuidar de la madre de su maestro.<br \/>\nJuan pudo ser testimonio de comuni\u00f3n e intimidad con Jes\u00fas, Juan estuvo en los momentos m\u00e1s importantes de su vida mientras estuvo en la tierra, Juan camin\u00f3 con \u00e9l, habl\u00f3 con Jes\u00fas, aprendi\u00f3 de El e inclusive le toc\u00f3 despu\u00e9s de su resurrecci\u00f3n!!<\/p>\n<p>Este mismo Juan nos est\u00e1 recordando por medio de este vers\u00edculo que aquella persona que dice conocer a Jes\u00fas, que se hace llamar disc\u00edpulo o que recibe el nombre de Cristiano pero tiene \u00e1reas en su vida que son ocultas a la luz de Cristo&#8230; sencillamente no est\u00e1 siendo honesto con Dios, ni consigo mismo&#8230;<\/p>\n<p>La \u00fanica forma en que podemos escapar de una oscuridad espiritual y de situaciones ca\u00f3ticas, circunstancias que preferimos esconder o que nos averg\u00fcenzan, no es por medio de pr\u00e1cticas religiosas!! Ojo!! ni a trav\u00e9s de m\u00e1scaras que aparentan una perfecci\u00f3n falsa!!, sino debido a una comuni\u00f3n real!! genuina e \u00edntima con Jes\u00fas!!<br \/>\nJesucristo es luz, toda su vida mientras estuvo en la tierra fue clara, n\u00edtida, nada hizo Jes\u00fas a escondidas o a espaldas a Dios, ni de los hombres!!&#8230; El desea que nuestra vida sea igual!! transparente y honesta!! No s\u00f3lo con las personas que nos rodean, sino con nosotros mismos!! pero sobre todo&#8230; con \u00c9l!!<\/p>\n<p>A los hombres podemos enga\u00f1arlos, es f\u00e1cil vivir de pretensiones y mantener un estatus ante las personas pero esto no deja m\u00e1s que un rastro de insatisfacci\u00f3n, de amargura e inconformidad!!<\/p>\n<p>No es posible vivir de manera plena cuando a\u00fan hay oscuridad en nuestras vidas! porque tarde o temprano llegamos a ser esclavos de la misma.!!<\/p>\n<p>El prop\u00f3sito de Jes\u00fas es que practiquemos la verdad, porque eso trae luz a nuestra vida y nos hace libres!! Su Luz nos da la plenitud que nuestra alma tanto necesita y desea!!<\/p>\n<p>Amigos!!&#8230; decidamos hoy vivir en la luz de Cristo!!&#8230; permite que \u00c9l entre a tu vida y alumbre aquellas \u00e1reas que por tanto tiempo te han quitado tu libertad y transparencia!! Recuerda que no depende de ti sino de la intimidad que est\u00e9s dispuesto a experimentar con Jes\u00fas!!<\/p>\n<p>DIOS LOS BENDIGA A TODOS!!<br \/>\nJon Alvarado<\/p>\n","protected":false},"excerpt":{"rendered":"<p>\u201cEste es el mensaje que o\u00edmos de Jes\u00fas y que ahora les declaramos a ustedes: Dios es luz y en \u00e9l no hay nada de oscuridad. Por lo tanto, mentimos si afirmamos que tenemos comuni\u00f3n con Dios pero seguimos viviendo en oscuridad espiritual; no estamos practicando la verdad\u201d. (1 Juan 1:5-6) Este texto lo escribi\u00f3 [&hellip;]<\/p>\n","protected":false},"author":1,"featured_media":1657,"comment_status":"closed","ping_status":"closed","sticky":false,"template":"","format":"standard","meta":{"_crdt_document":"","_monsterinsights_skip_tracking":false,"_monsterinsights_sitenote_active":false,"_monsterinsights_sitenote_note":"","_monsterinsights_sitenote_category":0,"footnotes":""},"categories":[35],"tags":[],"class_list":{"0":"post-1656","1":"post","2":"type-post","3":"status-publish","4":"format-standard","5":"has-post-thumbnail","6":"hentry","7":"category-jon-alvarado","9":"post-with-thumbnail","10":"post-with-thumbnail-large"},"aioseo_notices":[],"_links":{"self":[{"href":"https:\/\/radiocristianaenlinea.com\/radiocristiana\/wp-json\/wp\/v2\/posts\/1656","targetHints":{"allow":["GET"]}}],"collection":[{"href":"https:\/\/radiocristianaenlinea.com\/radiocristiana\/wp-json\/wp\/v2\/posts"}],"about":[{"href":"https:\/\/radiocristianaenlinea.com\/radiocristiana\/wp-json\/wp\/v2\/types\/post"}],"author":[{"embeddable":true,"href":"https:\/\/radiocristianaenlinea.com\/radiocristiana\/wp-json\/wp\/v2\/users\/1"}],"replies":[{"embeddable":true,"href":"https:\/\/radiocristianaenlinea.com\/radiocristiana\/wp-json\/wp\/v2\/comments?post=1656"}],"version-history":[{"count":2,"href":"https:\/\/radiocristianaenlinea.com\/radiocristiana\/wp-json\/wp\/v2\/posts\/1656\/revisions"}],"predecessor-version":[{"id":1659,"href":"https:\/\/radiocristianaenlinea.com\/radiocristiana\/wp-json\/wp\/v2\/posts\/1656\/revisions\/1659"}],"wp:featuredmedia":[{"embeddable":true,"href":"https:\/\/radiocristianaenlinea.com\/radiocristiana\/wp-json\/wp\/v2\/media\/1657"}],"wp:attachment":[{"href":"https:\/\/radiocristianaenlinea.com\/radiocristiana\/wp-json\/wp\/v2\/media?parent=1656"}],"wp:term":[{"taxonomy":"category","embeddable":true,"href":"https:\/\/radiocristianaenlinea.com\/radiocristiana\/wp-json\/wp\/v2\/categories?post=1656"},{"taxonomy":"post_tag","embeddable":true,"href":"https:\/\/radiocristianaenlinea.com\/radiocristiana\/wp-json\/wp\/v2\/tags?post=1656"}],"curies":[{"name":"wp","href":"https:\/\/api.w.org\/{rel}","templated":true}]}}