{"id":1662,"date":"2017-02-10T13:17:29","date_gmt":"2017-02-10T19:17:29","guid":{"rendered":"https:\/\/radiocristianaenlinea.com\/radiocristiana\/?p=1662"},"modified":"2017-02-10T13:17:29","modified_gmt":"2017-02-10T19:17:29","slug":"un-regalo-llamado-perdon","status":"publish","type":"post","link":"https:\/\/radiocristianaenlinea.com\/radiocristiana\/2017\/02\/10\/un-regalo-llamado-perdon\/","title":{"rendered":"UN REGALO LLAMADO \u00abPERD\u00d3N"},"content":{"rendered":"<p><strong>\u00abPero yo os digo: Amad a vuestros enemigos, bendecid a los que os maldicen, haced bien a los que os odian y orad por los que os ultrajan y os persiguen.\u00bb<br \/>\n(Mateo 5:44)<\/strong><\/p>\n<p>Cuenta una historia, que dos amigos iban caminando por el desierto. En alg\u00fan punto del viaje comenzaron a discutir, uno de ellos le dio una bofetada al otro! Lastimado, pero sin decir nada, escribi\u00f3 en la arena: \u201cMi mejor amigo me dio hoy una bofetada\u201d&#8230;<\/p>\n<p>Siguieron caminando hasta que encontraron un oasis, donde decidieron ba\u00f1arse, el amigo que hab\u00eda sido abofeteado comenz\u00f3 a ahogarse, pero su amigo lo salv\u00f3!! <\/p>\n<p>Despu\u00e9s de recuperarse, escribi\u00f3 en una piedra: \u201cMi mejor amigo hoy salv\u00f3 mi vida\u201d!!<\/p>\n<p>El amigo que hab\u00eda abofeteado y salvado a su mejor amigo pregunt\u00f3: Cuando te lastim\u00e9 escribiste en la arena y ahora lo haces en una piedra!!.. Por qu\u00e9? El otro amigo le respondi\u00f3: Cuando alguien nos lastima debemos escribirlo en la arena donde los vientos del perd\u00f3n puedan borrarlo!!.. Pero cuando alguien hace algo bueno por nosotros, debemos grabarlo en una piedra, donde ning\u00fan viento pueda borrarlo y ese acto quede grabado para siempre!!<\/p>\n<p>Todos estamos conscientes que perdonar no es algo sencillo de hacer!, pero si Dios cada d\u00eda perdona nuestros pecados y faltas&#8230; por qu\u00e9 nosotros no seguimos su ejemplo?&#8230; Por qu\u00e9 nos cuesta tanto perdonar de coraz\u00f3n a los que nos ofenden?<\/p>\n<p>Amigos.. es momento de dejar a un lado el resentimiento, la amargura y todos aquellos sentimientos que nos impiden ser felices y que impiden que Dios obre en nuestras vidas con completa libertad, quitemos de nuestro camino todo aquello que se oponga al prop\u00f3sito que \u00c9l tiene para nuestras vidas!!! de tal forma que cuando tengamos que perdonar&#8230; Dios tambi\u00e9n nos de la capacidad de olvidar!! ??<br \/>\n????<br \/>\nUna prueba clara de ello ser\u00e1 que cuando recordemos ese incidente, ya no nos causar\u00e1 dolor ni tampoco sentiremos rencor por la persona que lo cometi\u00f3&#8230;pero eso no lo lograremos en nuestras propias fuerzas sino con el poder de su Esp\u00edritu Santo!! Cr\u00e9anme!! Es tan real ese poder que lo puedes respirar!!<\/p>\n<p>El perd\u00f3n no es algo que se \u201centrega\u201d a los dem\u00e1s, sino \u00abun regalo vital para nosotros mismos\u00bb!!.<\/p>\n<p>Aprendamos a escribir nuestras tristezas en la arena y a grabar en piedra nuestras alegr\u00edas!!<\/p>\n<p>DIOS LOS BENDIGA A TODOS!!<br \/>\nY QUE TENGAN UN EXCELENTE FIN DE SEMANA!!<br \/>\nJon Alvarado<\/p>\n","protected":false},"excerpt":{"rendered":"<p>\u00abPero yo os digo: Amad a vuestros enemigos, bendecid a los que os maldicen, haced bien a los que os odian y orad por los que os ultrajan y os persiguen.\u00bb (Mateo 5:44) Cuenta una historia, que dos amigos iban caminando por el desierto. En alg\u00fan punto del viaje comenzaron a discutir, uno de ellos [&hellip;]<\/p>\n","protected":false},"author":1,"featured_media":1663,"comment_status":"closed","ping_status":"closed","sticky":false,"template":"","format":"standard","meta":{"_crdt_document":"","_monsterinsights_skip_tracking":false,"_monsterinsights_sitenote_active":false,"_monsterinsights_sitenote_note":"","_monsterinsights_sitenote_category":0,"footnotes":""},"categories":[35],"tags":[],"class_list":{"0":"post-1662","1":"post","2":"type-post","3":"status-publish","4":"format-standard","5":"has-post-thumbnail","6":"hentry","7":"category-jon-alvarado","9":"post-with-thumbnail","10":"post-with-thumbnail-large"},"aioseo_notices":[],"_links":{"self":[{"href":"https:\/\/radiocristianaenlinea.com\/radiocristiana\/wp-json\/wp\/v2\/posts\/1662","targetHints":{"allow":["GET"]}}],"collection":[{"href":"https:\/\/radiocristianaenlinea.com\/radiocristiana\/wp-json\/wp\/v2\/posts"}],"about":[{"href":"https:\/\/radiocristianaenlinea.com\/radiocristiana\/wp-json\/wp\/v2\/types\/post"}],"author":[{"embeddable":true,"href":"https:\/\/radiocristianaenlinea.com\/radiocristiana\/wp-json\/wp\/v2\/users\/1"}],"replies":[{"embeddable":true,"href":"https:\/\/radiocristianaenlinea.com\/radiocristiana\/wp-json\/wp\/v2\/comments?post=1662"}],"version-history":[{"count":1,"href":"https:\/\/radiocristianaenlinea.com\/radiocristiana\/wp-json\/wp\/v2\/posts\/1662\/revisions"}],"predecessor-version":[{"id":1664,"href":"https:\/\/radiocristianaenlinea.com\/radiocristiana\/wp-json\/wp\/v2\/posts\/1662\/revisions\/1664"}],"wp:featuredmedia":[{"embeddable":true,"href":"https:\/\/radiocristianaenlinea.com\/radiocristiana\/wp-json\/wp\/v2\/media\/1663"}],"wp:attachment":[{"href":"https:\/\/radiocristianaenlinea.com\/radiocristiana\/wp-json\/wp\/v2\/media?parent=1662"}],"wp:term":[{"taxonomy":"category","embeddable":true,"href":"https:\/\/radiocristianaenlinea.com\/radiocristiana\/wp-json\/wp\/v2\/categories?post=1662"},{"taxonomy":"post_tag","embeddable":true,"href":"https:\/\/radiocristianaenlinea.com\/radiocristiana\/wp-json\/wp\/v2\/tags?post=1662"}],"curies":[{"name":"wp","href":"https:\/\/api.w.org\/{rel}","templated":true}]}}