{"id":1699,"date":"2017-02-16T15:16:15","date_gmt":"2017-02-16T21:16:15","guid":{"rendered":"https:\/\/radiocristianaenlinea.com\/radiocristiana\/?p=1699"},"modified":"2017-02-16T15:16:15","modified_gmt":"2017-02-16T21:16:15","slug":"es-cuestion-del-corazon","status":"publish","type":"post","link":"https:\/\/radiocristianaenlinea.com\/radiocristiana\/2017\/02\/16\/es-cuestion-del-corazon\/","title":{"rendered":"ES CUESTI\u00d3N DEL CORAZ\u00d3N"},"content":{"rendered":"<p><strong>\u00abY Jehov\u00e1 respondi\u00f3 a Samuel: No mires a su parecer, ni a lo grande de su estatura, porque yo lo desecho; porque Jehov\u00e1 no mira lo que mira el hombre; pues el hombre mira lo que est\u00e1 delante de sus ojos, pero Jehov\u00e1 mira el coraz\u00f3n\u00bb.<br \/>\n(1 Samuel 16:7)<\/strong><\/p>\n<p>El Coraz\u00f3n son las intenciones, aquello oculto que solo la persona y Dios conocen, el Coraz\u00f3n guarda el perd\u00f3n o conserva el rencor!, el Coraz\u00f3n es en mucha oraciones lo que gu\u00eda a la persona a tomar las decisiones m\u00e1s importantes de su vida en los momentos m\u00e1s cruciales que enfrenta, el Coraz\u00f3n es lo que define si la persona vivir\u00e1 una vida \u00edntegra o se dejar\u00e1 influenciar por la banalidad de la sociedad!<\/p>\n<p>El coraz\u00f3n es el mismo ser, la esencia del individuo, la fuente de sus pensamientos, acciones y deseos&#8230; El coraz\u00f3n es lo que amar\u00e1s hasta la muerte o lo que te har\u00e1 huir de una persona!&#8230; El coraz\u00f3n es donde realmente se esconde el verdadero valor del hombre, el coraz\u00f3n es la caja fuerte del alma!!<\/p>\n<p>Para Jes\u00fas el Coraz\u00f3n siempre fue m\u00e1s importante que las palabras prometedoras de sus seguidores, que las buenas obras de los hombres nobles de su \u00e9poca y m\u00e1s a\u00fan que el enorme conocimiento de la ley que pose\u00edan los religiosos de aquel entonces!<\/p>\n<p>Amigo&#8230; Hoy el coraz\u00f3n es igual de importante para nuestro Dios y debe serlo para nosotros&#8230; Te has preguntado qu\u00e9 es lo que buscas en una pareja?, est\u00e1s mirando a su coraz\u00f3n como lo hace Dios, o estas dej\u00e1ndote llevar por lo f\u00edsico o lo externo? Y qu\u00e9 tal en la vida de nuestros hijos?, estamos alimentado su coraz\u00f3n, o estamos enfocados en aquellas cosas que a los ojos de Dios no tienen trascendencia alguna? Y si miramos nuestra vida, cu\u00e1ndo Dios mira nuestro coraz\u00f3n, qu\u00e9 es lo que encuentra all\u00ed?<\/p>\n<p><strong>\u00abCrea en m\u00ed, Oh Dios, un coraz\u00f3n limpio, y renueva un esp\u00edritu recto dentro de m\u00ed\u00bb.<br \/>\n(Salmo 51:10)<\/strong><\/p>\n<p>Estas son las palabras del rey David, un hombre que tuvo un coraz\u00f3n de acuerdo al coraz\u00f3n de Dios, y hoy tambi\u00e9n pueden ser tus palabras y el anhelo de tu vida!!<\/p>\n<p>Dios, que nuestro esfuerzo, no se pierda en palabrer\u00eda u obras vac\u00edas, sino que podamos entender que tu miras nuestro coraz\u00f3n y est\u00e1s listo para trabajar en \u00e9l!!<\/p>\n<p>Ay\u00fadanos a cuidar el coraz\u00f3n de los seres que amamos, a darle el valor que t\u00fa le das, y a cuidar nuestro coraz\u00f3n como un tesoro que entregamos en tus manos!!<\/p>\n<p>DIOS LOS BENDIGA A TODOS!!<br \/>\nJon Alvarado<\/p>\n","protected":false},"excerpt":{"rendered":"<p>\u00abY Jehov\u00e1 respondi\u00f3 a Samuel: No mires a su parecer, ni a lo grande de su estatura, porque yo lo desecho; porque Jehov\u00e1 no mira lo que mira el hombre; pues el hombre mira lo que est\u00e1 delante de sus ojos, pero Jehov\u00e1 mira el coraz\u00f3n\u00bb. (1 Samuel 16:7) El Coraz\u00f3n son las intenciones, aquello [&hellip;]<\/p>\n","protected":false},"author":1,"featured_media":1702,"comment_status":"closed","ping_status":"closed","sticky":false,"template":"","format":"standard","meta":{"_crdt_document":"","_monsterinsights_skip_tracking":false,"_monsterinsights_sitenote_active":false,"_monsterinsights_sitenote_note":"","_monsterinsights_sitenote_category":0,"footnotes":""},"categories":[35],"tags":[],"class_list":{"0":"post-1699","1":"post","2":"type-post","3":"status-publish","4":"format-standard","5":"has-post-thumbnail","6":"hentry","7":"category-jon-alvarado","9":"post-with-thumbnail","10":"post-with-thumbnail-large"},"aioseo_notices":[],"_links":{"self":[{"href":"https:\/\/radiocristianaenlinea.com\/radiocristiana\/wp-json\/wp\/v2\/posts\/1699","targetHints":{"allow":["GET"]}}],"collection":[{"href":"https:\/\/radiocristianaenlinea.com\/radiocristiana\/wp-json\/wp\/v2\/posts"}],"about":[{"href":"https:\/\/radiocristianaenlinea.com\/radiocristiana\/wp-json\/wp\/v2\/types\/post"}],"author":[{"embeddable":true,"href":"https:\/\/radiocristianaenlinea.com\/radiocristiana\/wp-json\/wp\/v2\/users\/1"}],"replies":[{"embeddable":true,"href":"https:\/\/radiocristianaenlinea.com\/radiocristiana\/wp-json\/wp\/v2\/comments?post=1699"}],"version-history":[{"count":1,"href":"https:\/\/radiocristianaenlinea.com\/radiocristiana\/wp-json\/wp\/v2\/posts\/1699\/revisions"}],"predecessor-version":[{"id":1701,"href":"https:\/\/radiocristianaenlinea.com\/radiocristiana\/wp-json\/wp\/v2\/posts\/1699\/revisions\/1701"}],"wp:featuredmedia":[{"embeddable":true,"href":"https:\/\/radiocristianaenlinea.com\/radiocristiana\/wp-json\/wp\/v2\/media\/1702"}],"wp:attachment":[{"href":"https:\/\/radiocristianaenlinea.com\/radiocristiana\/wp-json\/wp\/v2\/media?parent=1699"}],"wp:term":[{"taxonomy":"category","embeddable":true,"href":"https:\/\/radiocristianaenlinea.com\/radiocristiana\/wp-json\/wp\/v2\/categories?post=1699"},{"taxonomy":"post_tag","embeddable":true,"href":"https:\/\/radiocristianaenlinea.com\/radiocristiana\/wp-json\/wp\/v2\/tags?post=1699"}],"curies":[{"name":"wp","href":"https:\/\/api.w.org\/{rel}","templated":true}]}}