{"id":1735,"date":"2017-02-23T18:20:26","date_gmt":"2017-02-24T00:20:26","guid":{"rendered":"https:\/\/radiocristianaenlinea.com\/radiocristiana\/?p=1735"},"modified":"2017-02-23T18:20:26","modified_gmt":"2017-02-24T00:20:26","slug":"quien-te-condena","status":"publish","type":"post","link":"https:\/\/radiocristianaenlinea.com\/radiocristiana\/2017\/02\/23\/quien-te-condena\/","title":{"rendered":"\u00bfQUI\u00c9N TE CONDENA?"},"content":{"rendered":"<p><strong>\u00bfY por qu\u00e9 te preocupas por la astilla en el ojo de tu amigo, cuando t\u00fa tienes un tronco en el tuyo? \u00bfC\u00f3mo puedes pensar en decirle a tu amigo: \u201cD\u00e9jame ayudarte a sacar la astilla de tu ojo\u201d, cuando t\u00fa no puedes ver m\u00e1s all\u00e1 del tronco que est\u00e1 en tu propio ojo?<br \/>\n(Mateo 7:3-4)<\/strong><\/p>\n<p>Mientras Jes\u00fas hablaba, los maestros de la ley y los fariseos le llevaron a una mujer que hab\u00eda sido sorprendida en el acto de adulterio y la pusieron en medio de la multitud&#8230; Maestro!! le dijeron a Jes\u00fas, \u00e9sta mujer fue sorprendida en el acto de adulterio! La ley manda apedrearla!! t\u00fa qu\u00e9 dices?, le preguntaron&#8230;<\/p>\n<p>Ellos intentaban tenderle una trampa para que dijera algo que pudieran usar en su contra, pero Jes\u00fas se inclin\u00f3 y escribi\u00f3 con el dedo en el polvo&#8230; como ellos segu\u00edan exigi\u00e9ndole una respuesta \u00e9l se incorpor\u00f3 nuevamente y les dijo: Muy bien, pero el que nunca haya pecado que tire la primera piedra!!.. Luego volvi\u00f3 a inclinarse y sigui\u00f3 escribiendo en el polvo.<\/p>\n<p>Al o\u00edr eso, los acusadores se fueron retirando uno tras otro, comenzando por los de m\u00e1s edad, hasta que quedaron s\u00f3lo Jes\u00fas y la mujer en medio de la multitud!! Entonces Jes\u00fas se incorpor\u00f3 de nuevo y le dijo a la mujer: D\u00f3nde est\u00e1n los que te acusaban?, Ni uno de ellos te conden\u00f3? Ni uno, Se\u00f1or, dijo ella&#8230; Yo tampoco te condeno, le dijo Jes\u00fas.. Vete y no peques m\u00e1s.!!<\/p>\n<p>Hoy podemos acercarnos a Jes\u00fas y pedirle perd\u00f3n por haber acusado y condenado a nuestro pr\u00f3jimo!! por haberlo lastimado con nuestras palabras y actitudes, poni\u00e9ndonos en el lugar de Dios, el \u00fanico Juez Justo!!<br \/>\nCada d\u00eda debemos ser capaces de dar m\u00e1s amor y ver a las personas que nos rodean con misericordia y bondad como lo hace Jes\u00fas con cada uno de nosotros!! Si ni siquiera \u00c9l conden\u00f3 a \u00e9sta mujer&#8230; qui\u00e9nes somos nosotros para condenar a los dem\u00e1s?, lo que tenemos que hacer es orar por ellos y bendecirlos, pero tambi\u00e9n orar por nosotros, para que seamos m\u00e1s sensibles a la necesidad y los problemas de los que nos rodean.<\/p>\n<p>Posiblemente nos cueste m\u00e1s a unos que a otros, pero, recordemos lo que dice en Filipenses 4:13:<br \/>\n\u201cTodo lo puedo en Cristo que me fortalece\u201d.<\/p>\n<p>Resultar\u00eda muy complicado hacerlo en nuestras propias fuerzas pero con la ayuda de Dios, estoy seguro que lo lograremos!<\/p>\n<p>En otras ocasiones tambi\u00e9n nos sentimos indignos de acercarnos a Dios cuando hemos pecado y pensamos que \u00c9l no nos perdonar\u00e1 o que tal vez hemos incurrido tantas veces en la misma falta que creemos que ya lo hemos cansado y \u00c9l no nos otorgar\u00e1 su perd\u00f3n una vez m\u00e1s!!, olvidando que su amor es inagotable y eterno!! y que el \u00fanico que nos condena es el enemigo y no Cristo!!<\/p>\n<p>Amigos&#8230; El Amor es lo que movi\u00f3 al Padre a dar su hijo por la humanidad, el amor fue lo que motiv\u00f3 a Jes\u00fas a ser obediente hasta la Cruz, y s\u00f3lo el verdadero amor nos permitir\u00e1 ser un reflejo de Dios aqu\u00ed en la tierra!!<br \/>\nDebemos dar de gracia lo que por gracia recibimos todos los d\u00edas!! Misericordia y Amor!!<\/p>\n<p>DIOS LOS BENDIGA A TODOS !!<br \/>\nJon Alvarado<\/p>\n","protected":false},"excerpt":{"rendered":"<p>\u00bfY por qu\u00e9 te preocupas por la astilla en el ojo de tu amigo, cuando t\u00fa tienes un tronco en el tuyo? \u00bfC\u00f3mo puedes pensar en decirle a tu amigo: \u201cD\u00e9jame ayudarte a sacar la astilla de tu ojo\u201d, cuando t\u00fa no puedes ver m\u00e1s all\u00e1 del tronco que est\u00e1 en tu propio ojo? (Mateo [&hellip;]<\/p>\n","protected":false},"author":1,"featured_media":1736,"comment_status":"closed","ping_status":"closed","sticky":false,"template":"","format":"standard","meta":{"_crdt_document":"","_monsterinsights_skip_tracking":false,"_monsterinsights_sitenote_active":false,"_monsterinsights_sitenote_note":"","_monsterinsights_sitenote_category":0,"footnotes":""},"categories":[35],"tags":[],"class_list":{"0":"post-1735","1":"post","2":"type-post","3":"status-publish","4":"format-standard","5":"has-post-thumbnail","6":"hentry","7":"category-jon-alvarado","9":"post-with-thumbnail","10":"post-with-thumbnail-large"},"aioseo_notices":[],"_links":{"self":[{"href":"https:\/\/radiocristianaenlinea.com\/radiocristiana\/wp-json\/wp\/v2\/posts\/1735","targetHints":{"allow":["GET"]}}],"collection":[{"href":"https:\/\/radiocristianaenlinea.com\/radiocristiana\/wp-json\/wp\/v2\/posts"}],"about":[{"href":"https:\/\/radiocristianaenlinea.com\/radiocristiana\/wp-json\/wp\/v2\/types\/post"}],"author":[{"embeddable":true,"href":"https:\/\/radiocristianaenlinea.com\/radiocristiana\/wp-json\/wp\/v2\/users\/1"}],"replies":[{"embeddable":true,"href":"https:\/\/radiocristianaenlinea.com\/radiocristiana\/wp-json\/wp\/v2\/comments?post=1735"}],"version-history":[{"count":1,"href":"https:\/\/radiocristianaenlinea.com\/radiocristiana\/wp-json\/wp\/v2\/posts\/1735\/revisions"}],"predecessor-version":[{"id":1737,"href":"https:\/\/radiocristianaenlinea.com\/radiocristiana\/wp-json\/wp\/v2\/posts\/1735\/revisions\/1737"}],"wp:featuredmedia":[{"embeddable":true,"href":"https:\/\/radiocristianaenlinea.com\/radiocristiana\/wp-json\/wp\/v2\/media\/1736"}],"wp:attachment":[{"href":"https:\/\/radiocristianaenlinea.com\/radiocristiana\/wp-json\/wp\/v2\/media?parent=1735"}],"wp:term":[{"taxonomy":"category","embeddable":true,"href":"https:\/\/radiocristianaenlinea.com\/radiocristiana\/wp-json\/wp\/v2\/categories?post=1735"},{"taxonomy":"post_tag","embeddable":true,"href":"https:\/\/radiocristianaenlinea.com\/radiocristiana\/wp-json\/wp\/v2\/tags?post=1735"}],"curies":[{"name":"wp","href":"https:\/\/api.w.org\/{rel}","templated":true}]}}