{"id":1770,"date":"2017-03-01T12:38:50","date_gmt":"2017-03-01T18:38:50","guid":{"rendered":"https:\/\/radiocristianaenlinea.com\/radiocristiana\/?p=1770"},"modified":"2017-03-01T12:38:50","modified_gmt":"2017-03-01T18:38:50","slug":"el-verdadero-asesino-de-jesus","status":"publish","type":"post","link":"https:\/\/radiocristianaenlinea.com\/radiocristiana\/2017\/03\/01\/el-verdadero-asesino-de-jesus\/","title":{"rendered":"EL VERDADERO ASESINO DE JES\u00daS"},"content":{"rendered":"<p>Hace aproximadamente dos mil a\u00f1os, Jes\u00fas estaba en manos de los soldados romanos, los jud\u00edos le hab\u00edan llevado a juicio y acus\u00e1ndole ilegalmente consiguieron la pena de muerte!<\/p>\n<p>Pilatos, consciente de la injusticia al crucificar a un inocente, le da a Jes\u00fas la oportunidad de presentar su defensa, pero \u00c9l simplemente guarda silencio, renuncia a sus derechos y recibe su sentencia, La Cruz y todo el sufrimiento que ella acarrea!<\/p>\n<p>Jes\u00fas enfrent\u00f3 una muerte cruel e injusta, El hijo de Dios, aunque ten\u00eda toda la autoridad para bajarse de esa cruz y juzgar a sus verdugos, fue como oveja al matadero, a diferencia nuestra, \u00c9l no cometi\u00f3 pecado, y por lo tanto esos cargos no le pertenec\u00edan y mucho menos la corona de espinas o la lanza en el costado!!<\/p>\n<p>Pero Cristo al tomar la Cruz, tambi\u00e9n tom\u00f3 nuestro lugar y pag\u00f3 nuestra deuda con su propia vida!! \u00c9l se entreg\u00f3 y sufri\u00f3 el castigo para que nosotros fu\u00e9semos libres!! A diferencia de lo que muchos creen&#8230; a Jes\u00fas no le mataron los jud\u00edos, los romanos o la multitud que aclamaba a Barrab\u00e1s, a Jes\u00fas no le matamos nosotros, con nuestros actos injustos o indiferencia!! En realidad Jes\u00fas se entreg\u00f3 a s\u00ed mismo!! lo hizo de manera voluntaria y por amor a ti y a m\u00ed!!<\/p>\n<p>\u00c9l al guardar silencio, tom\u00f3 los cargos que nos acusaban, junto con la condena y el castigo que merec\u00edamos!! Esa cruz no era de Jes\u00fas, esa cruz era tuya y m\u00eda!!<\/p>\n<p>Al recordar la muerte y resurrecci\u00f3n del hijo de Dios, nos damos cuenta que su amor y entrega cambi\u00f3 nuestras vidas y nuestra eternidad!! El valor de su sacrificio es inimaginable, como lo es la persona que conoce a Cristo como su Salvador.!!<\/p>\n<p>Amigos&#8230; hagamos de cada d\u00eda, la oportunidad perfecta para reflejar el mensaje de Cristo y su sacrificio!! Jes\u00fas pag\u00f3 voluntariamente el precio para que t\u00fa y yo fu\u00e9semos salvos, paguemos el precio para que otros lo sean tambi\u00e9n!!<\/p>\n<p><strong>\u201dPor eso me ama el Padre: porque entrego mi vida para volver a recibirla. Nadie me la arrebata, sino que yo la entrego por mi propia voluntad. Tengo autoridad para entregarla, y tengo tambi\u00e9n autoridad para volver a recibirla. \u00c9ste es el mandamiento que recib\u00ed de mi Padre\u201d.<br \/>\n(Juan 10:17-18)<\/strong><\/p>\n<p>DIOS LOS BENDIGA A TODOS Y QUE TENGAN UN EXCELENTE FIN DE SEMANA!!<br \/>\nJon Alvarado<\/p>\n","protected":false},"excerpt":{"rendered":"<p>Hace aproximadamente dos mil a\u00f1os, Jes\u00fas estaba en manos de los soldados romanos, los jud\u00edos le hab\u00edan llevado a juicio y acus\u00e1ndole ilegalmente consiguieron la pena de muerte! Pilatos, consciente de la injusticia al crucificar a un inocente, le da a Jes\u00fas la oportunidad de presentar su defensa, pero \u00c9l simplemente guarda silencio, renuncia a [&hellip;]<\/p>\n","protected":false},"author":1,"featured_media":1771,"comment_status":"closed","ping_status":"closed","sticky":false,"template":"","format":"standard","meta":{"_crdt_document":"","_monsterinsights_skip_tracking":false,"_monsterinsights_sitenote_active":false,"_monsterinsights_sitenote_note":"","_monsterinsights_sitenote_category":0,"footnotes":""},"categories":[35],"tags":[],"class_list":{"0":"post-1770","1":"post","2":"type-post","3":"status-publish","4":"format-standard","5":"has-post-thumbnail","6":"hentry","7":"category-jon-alvarado","9":"post-with-thumbnail","10":"post-with-thumbnail-large"},"aioseo_notices":[],"_links":{"self":[{"href":"https:\/\/radiocristianaenlinea.com\/radiocristiana\/wp-json\/wp\/v2\/posts\/1770","targetHints":{"allow":["GET"]}}],"collection":[{"href":"https:\/\/radiocristianaenlinea.com\/radiocristiana\/wp-json\/wp\/v2\/posts"}],"about":[{"href":"https:\/\/radiocristianaenlinea.com\/radiocristiana\/wp-json\/wp\/v2\/types\/post"}],"author":[{"embeddable":true,"href":"https:\/\/radiocristianaenlinea.com\/radiocristiana\/wp-json\/wp\/v2\/users\/1"}],"replies":[{"embeddable":true,"href":"https:\/\/radiocristianaenlinea.com\/radiocristiana\/wp-json\/wp\/v2\/comments?post=1770"}],"version-history":[{"count":1,"href":"https:\/\/radiocristianaenlinea.com\/radiocristiana\/wp-json\/wp\/v2\/posts\/1770\/revisions"}],"predecessor-version":[{"id":1772,"href":"https:\/\/radiocristianaenlinea.com\/radiocristiana\/wp-json\/wp\/v2\/posts\/1770\/revisions\/1772"}],"wp:featuredmedia":[{"embeddable":true,"href":"https:\/\/radiocristianaenlinea.com\/radiocristiana\/wp-json\/wp\/v2\/media\/1771"}],"wp:attachment":[{"href":"https:\/\/radiocristianaenlinea.com\/radiocristiana\/wp-json\/wp\/v2\/media?parent=1770"}],"wp:term":[{"taxonomy":"category","embeddable":true,"href":"https:\/\/radiocristianaenlinea.com\/radiocristiana\/wp-json\/wp\/v2\/categories?post=1770"},{"taxonomy":"post_tag","embeddable":true,"href":"https:\/\/radiocristianaenlinea.com\/radiocristiana\/wp-json\/wp\/v2\/tags?post=1770"}],"curies":[{"name":"wp","href":"https:\/\/api.w.org\/{rel}","templated":true}]}}