{"id":1792,"date":"2017-03-09T11:31:46","date_gmt":"2017-03-09T17:31:46","guid":{"rendered":"https:\/\/radiocristianaenlinea.com\/radiocristiana\/?p=1792"},"modified":"2017-03-09T11:31:46","modified_gmt":"2017-03-09T17:31:46","slug":"todo-me-pasa-a-mi","status":"publish","type":"post","link":"https:\/\/radiocristianaenlinea.com\/radiocristiana\/2017\/03\/09\/todo-me-pasa-a-mi\/","title":{"rendered":"\u00bfTODO ME PASA A MI?"},"content":{"rendered":"<p><strong>\u00abY quit\u00f3 Jehov\u00e1 la aflicci\u00f3n de Job, cuando \u00e9l hubo orado por sus amigos; y aument\u00f3 al doble todas las cosas que hab\u00edan sido de Job.\u00bb<br \/>\n(Job 42:10)<\/strong><\/p>\n<p>Cuando leemos acerca de la vida de Job, realmente nos conmueve ver como este hombre tuvo que soportar una calamidad tras otra!! No terminaba de reponerse de una mala noticia cuando ya ven\u00eda una peor!! y hasta su propio cuerpo fue afectado, pues fue completamente lleno de llagas!!<\/p>\n<p>A trav\u00e9s de la Biblia sabemos que Job era un hombre recto, justo y temeroso de Dios, pero a\u00fan siendo as\u00ed, irreprensible, sus amigos estaban empe\u00f1ados en encontrar la causa de todo esto que sacud\u00edan su vida, en alg\u00fan pecado o falla en el car\u00e1cter de Job!! De tal manera que ni siquiera el apoyo de sus amigos le quedaba en momentos tan duros y menos a\u00fan el de su propia esposa, que le dec\u00eda \u00abmaldice a Dios y muere\u00bb!!&#8230; \u00abc\u00f3mo con todo esto que te pasa todav\u00eda mantienes tu integridad?\u00bb<\/p>\n<p>Job se qued\u00f3 solo, viviendo la misma soledad que t\u00fa experimentas cuando las cosas andan mal!!&#8230; No te has encontrado incluso con alg\u00fan conocido que te dice:&#8230; no ser\u00e1 que andas mal y por eso est\u00e1s viviendo todo esto&#8230;? buscando la explicacion en tus errores?<\/p>\n<p>Pero, finalmente, Dios quit\u00f3 la aflicci\u00f3n de Job, cuando \u00e9l a pesar de haber perdido riquezas, familiares y hasta su propia salud, tuvo el precioso gesto de ocuparse de las necesidades de otros!!<\/p>\n<p>Tal vez pudo haberse defendido diciendo, acaso soy el \u00fanico que puede orar por ellos? es dura la situaci\u00f3n en la que me encuentro, y todav\u00eda tengo que orar por alguien? O simplemente decir que lo haga otro que est\u00e9 mejor, para \u00e9l quedarse lamentando sus penas?&#8230;<\/p>\n<p>Fue incre\u00edble la actitud de Job&#8230; \u00e9l or\u00f3 por sus amigos, dejando de lado por un momento toda su aflicci\u00f3n!!<br \/>\nQu\u00e9 har\u00edamos nosotros en una situaci\u00f3n parecida?, atender\u00edamos la necesidad de alguien m\u00e1s?, nos tomar\u00edamos un tiempo para dejar de pensar en nosotros y en lo mal que nos va, para ocuparnos del padecimiento de otros?, O simplemente buscar\u00edamos la manera de que otra persona lo haga?&#8230;<\/p>\n<p>Servir a Dios y a tu pr\u00f3jimo cuando todo est\u00e1 bien tiene un gran m\u00e9rito, pero cu\u00e1nto m\u00e1s valor tiene cuando podemos hacerlo a\u00fan en los d\u00edas dif\u00edciles de nuestra vida, donde nuestros pensamientos se ti\u00f1en de tristeza, temor o ansiedad!! En estos tiempos donde consumimos los d\u00edas pensando en nuestros problemas, en c\u00f3mo solucionarlos, centrados en nosotros mismos!!<\/p>\n<p>Pero que bueno es cuando, a pesar de una realidad hostil, somos capaces de levantar la mirada para ver las necesidades de otros!! Es un hecho que hay recompensa en esto!!<br \/>\nDios le devolvi\u00f3 a Job el doble de todo lo que ten\u00eda, por lo cual su estado anterior paso a ser mucho mejor que el actual!!<\/p>\n<p>Amigo&#8230; hoy es un excelente d\u00eda para empezar a dejar la preocupaci\u00f3n y a entregar cada problema a Dios!!, conf\u00eda plenamente que \u00c9l obrar\u00e1 en cada \u00e1rea de tu vida y luego levanta tu mirada a tu alrededor!! seguramente descubrir\u00e1s que hay muchos que necesitan de lo que t\u00fa tienes!! de una palabra, de un o\u00eddo que escuche su problema, de una oraci\u00f3n que levante y anime su alma o coraz\u00f3n!&#8230; No digas, lo voy a hacer cuando todo est\u00e9 bien!!&#8230; comienza ahora, a\u00fan en tu situaci\u00f3n, tienes mucho para dar!!! No lo retengas!!<\/p>\n<p>Jesucristo estando en la c\u00faspide de su dolor colgado en la Cruz! Pudo abogar por nosotros al decir&#8230; \u00abperd\u00f3nalos, porque no saben lo que hacen..\u00bb y nos amo!! Sin importar todo su dolor!!<\/p>\n<p>DIOS LOS BENDIGA A TODOS!!<br \/>\nJon Alvarado<\/p>\n","protected":false},"excerpt":{"rendered":"<p>\u00abY quit\u00f3 Jehov\u00e1 la aflicci\u00f3n de Job, cuando \u00e9l hubo orado por sus amigos; y aument\u00f3 al doble todas las cosas que hab\u00edan sido de Job.\u00bb (Job 42:10) Cuando leemos acerca de la vida de Job, realmente nos conmueve ver como este hombre tuvo que soportar una calamidad tras otra!! No terminaba de reponerse de [&hellip;]<\/p>\n","protected":false},"author":1,"featured_media":1793,"comment_status":"closed","ping_status":"closed","sticky":false,"template":"","format":"standard","meta":{"_crdt_document":"","_monsterinsights_skip_tracking":false,"_monsterinsights_sitenote_active":false,"_monsterinsights_sitenote_note":"","_monsterinsights_sitenote_category":0,"footnotes":""},"categories":[35],"tags":[],"class_list":{"0":"post-1792","1":"post","2":"type-post","3":"status-publish","4":"format-standard","5":"has-post-thumbnail","6":"hentry","7":"category-jon-alvarado","9":"post-with-thumbnail","10":"post-with-thumbnail-large"},"aioseo_notices":[],"_links":{"self":[{"href":"https:\/\/radiocristianaenlinea.com\/radiocristiana\/wp-json\/wp\/v2\/posts\/1792","targetHints":{"allow":["GET"]}}],"collection":[{"href":"https:\/\/radiocristianaenlinea.com\/radiocristiana\/wp-json\/wp\/v2\/posts"}],"about":[{"href":"https:\/\/radiocristianaenlinea.com\/radiocristiana\/wp-json\/wp\/v2\/types\/post"}],"author":[{"embeddable":true,"href":"https:\/\/radiocristianaenlinea.com\/radiocristiana\/wp-json\/wp\/v2\/users\/1"}],"replies":[{"embeddable":true,"href":"https:\/\/radiocristianaenlinea.com\/radiocristiana\/wp-json\/wp\/v2\/comments?post=1792"}],"version-history":[{"count":1,"href":"https:\/\/radiocristianaenlinea.com\/radiocristiana\/wp-json\/wp\/v2\/posts\/1792\/revisions"}],"predecessor-version":[{"id":1794,"href":"https:\/\/radiocristianaenlinea.com\/radiocristiana\/wp-json\/wp\/v2\/posts\/1792\/revisions\/1794"}],"wp:featuredmedia":[{"embeddable":true,"href":"https:\/\/radiocristianaenlinea.com\/radiocristiana\/wp-json\/wp\/v2\/media\/1793"}],"wp:attachment":[{"href":"https:\/\/radiocristianaenlinea.com\/radiocristiana\/wp-json\/wp\/v2\/media?parent=1792"}],"wp:term":[{"taxonomy":"category","embeddable":true,"href":"https:\/\/radiocristianaenlinea.com\/radiocristiana\/wp-json\/wp\/v2\/categories?post=1792"},{"taxonomy":"post_tag","embeddable":true,"href":"https:\/\/radiocristianaenlinea.com\/radiocristiana\/wp-json\/wp\/v2\/tags?post=1792"}],"curies":[{"name":"wp","href":"https:\/\/api.w.org\/{rel}","templated":true}]}}