{"id":1806,"date":"2017-03-20T17:02:24","date_gmt":"2017-03-20T23:02:24","guid":{"rendered":"https:\/\/radiocristianaenlinea.com\/radiocristiana\/?p=1806"},"modified":"2017-03-20T17:02:24","modified_gmt":"2017-03-20T23:02:24","slug":"has-intentado-confiar-en-dios-realmente","status":"publish","type":"post","link":"https:\/\/radiocristianaenlinea.com\/radiocristiana\/2017\/03\/20\/has-intentado-confiar-en-dios-realmente\/","title":{"rendered":"\u00bfHAS INTENTADO CONFIAR EN DIOS REALMENTE?"},"content":{"rendered":"<p><strong>\u00abEstas cosas os he hablado para que en m\u00ed teng\u00e1is paz. En el mundo ten\u00e9is tribulaci\u00f3n; pero confiad, yo he vencido al mundo\u00bb.<br \/>\n(Juan 16:33)<\/strong><\/p>\n<p>Jes\u00fas lleva mucho tiempo al lado de sus disc\u00edpulos&#8230;cuando hay una enfermedad \u00c9l sana a la persona y a\u00fan perdona sus pecados, en momentos de necesidad Jes\u00fas simplemente ora al Padre y los alimentos son multiplicados y en aquellas situaciones en donde una tormenta amenazaba sus vidas, los ap\u00f3stoles vieron la mano poderosa de su maestro libr\u00e1ndoles de la misma muerte!!<\/p>\n<p>Pero ahora su maestro se estaba despidiendo, El deb\u00eda retornar al Padre y por lo tanto les debe advertir de los peligros que iban a enfrentar despu\u00e9s de su partida, les dice que serian perseguidos, echados en la c\u00e1rcel y a\u00fan asesinados!!<\/p>\n<p>Los disc\u00edpulos deb\u00edan estar aterrorizados!! Incluso puedo imaginarme su rostro lleno de desesperaci\u00f3n!! Qu\u00e9 les deparar\u00eda el futuro? Qui\u00e9n iba a librarles del mal? O Qui\u00e9n har\u00eda todas las cosas que s\u00f3lo el Maestro pod\u00eda hacer?<br \/>\nParec\u00eda que se hab\u00edan acabado los d\u00edas de color rosa y se acercaban unos extremadamente oscuros para cada uno de ellos.!!<\/p>\n<p>Jes\u00fas, su amigo, quien en pocas horas iba a dar su propia vida por amor a ellos, no les promete a sus seguidores vidas c\u00f3modas, conquistas y un futuro exitoso!!, (como argumentan algunos hoy), pero si les dice algo que cambiaria todo por completo!!<\/p>\n<p>En primer lugar Jes\u00fas les deja su paz y segundo les pide que conf\u00eden en \u00c9l, ellos ya no podr\u00edan verlo pero pod\u00edan confiar en que \u00c9l a\u00fan estaba con ellos y estar\u00eda con ellos siempre en los momentos m\u00e1s adversos!!<br \/>\nLos disc\u00edpulos no caminar\u00edan m\u00e1s a su lado pero pod\u00edan tener la certeza de que no estar\u00edan caminando solos, porque \u00c9l nunca los abandonar\u00eda!!<\/p>\n<p>Todo esto es realmente maravilloso!!<\/p>\n<p>Dios sab\u00eda de antemano los problemas y dificultades que tendr\u00edas que enfrentar, pero \u00c9l ha prometido esta misma paz para tu vida!!S\u00f3lo necesitas confiar, creer que a su lado estar\u00e1s bien y descansar en su promesa!!.<\/p>\n<p>Amigo!&#8230;Est\u00e1s dispuesto a tomar esa actitud? Esta decisi\u00f3n est\u00e1 en tus manos!!<\/p>\n<p>Recuerda&#8230; La paz de Dios no es para aquellos que no tienen dificultades, sino para quienes han decidido confiar en El!!<\/p>\n<p>DIOS LOS BENDIGA A TODOS!!<br \/>\nJon Alvarado<\/p>\n","protected":false},"excerpt":{"rendered":"<p>\u00abEstas cosas os he hablado para que en m\u00ed teng\u00e1is paz. En el mundo ten\u00e9is tribulaci\u00f3n; pero confiad, yo he vencido al mundo\u00bb. (Juan 16:33) Jes\u00fas lleva mucho tiempo al lado de sus disc\u00edpulos&#8230;cuando hay una enfermedad \u00c9l sana a la persona y a\u00fan perdona sus pecados, en momentos de necesidad Jes\u00fas simplemente ora al [&hellip;]<\/p>\n","protected":false},"author":1,"featured_media":1807,"comment_status":"closed","ping_status":"closed","sticky":false,"template":"","format":"standard","meta":{"_crdt_document":"","_monsterinsights_skip_tracking":false,"_monsterinsights_sitenote_active":false,"_monsterinsights_sitenote_note":"","_monsterinsights_sitenote_category":0,"footnotes":""},"categories":[35],"tags":[],"class_list":{"0":"post-1806","1":"post","2":"type-post","3":"status-publish","4":"format-standard","5":"has-post-thumbnail","6":"hentry","7":"category-jon-alvarado","9":"post-with-thumbnail","10":"post-with-thumbnail-large"},"aioseo_notices":[],"_links":{"self":[{"href":"https:\/\/radiocristianaenlinea.com\/radiocristiana\/wp-json\/wp\/v2\/posts\/1806","targetHints":{"allow":["GET"]}}],"collection":[{"href":"https:\/\/radiocristianaenlinea.com\/radiocristiana\/wp-json\/wp\/v2\/posts"}],"about":[{"href":"https:\/\/radiocristianaenlinea.com\/radiocristiana\/wp-json\/wp\/v2\/types\/post"}],"author":[{"embeddable":true,"href":"https:\/\/radiocristianaenlinea.com\/radiocristiana\/wp-json\/wp\/v2\/users\/1"}],"replies":[{"embeddable":true,"href":"https:\/\/radiocristianaenlinea.com\/radiocristiana\/wp-json\/wp\/v2\/comments?post=1806"}],"version-history":[{"count":1,"href":"https:\/\/radiocristianaenlinea.com\/radiocristiana\/wp-json\/wp\/v2\/posts\/1806\/revisions"}],"predecessor-version":[{"id":1808,"href":"https:\/\/radiocristianaenlinea.com\/radiocristiana\/wp-json\/wp\/v2\/posts\/1806\/revisions\/1808"}],"wp:featuredmedia":[{"embeddable":true,"href":"https:\/\/radiocristianaenlinea.com\/radiocristiana\/wp-json\/wp\/v2\/media\/1807"}],"wp:attachment":[{"href":"https:\/\/radiocristianaenlinea.com\/radiocristiana\/wp-json\/wp\/v2\/media?parent=1806"}],"wp:term":[{"taxonomy":"category","embeddable":true,"href":"https:\/\/radiocristianaenlinea.com\/radiocristiana\/wp-json\/wp\/v2\/categories?post=1806"},{"taxonomy":"post_tag","embeddable":true,"href":"https:\/\/radiocristianaenlinea.com\/radiocristiana\/wp-json\/wp\/v2\/tags?post=1806"}],"curies":[{"name":"wp","href":"https:\/\/api.w.org\/{rel}","templated":true}]}}