{"id":1811,"date":"2017-03-20T23:01:28","date_gmt":"2017-03-21T05:01:28","guid":{"rendered":"https:\/\/radiocristianaenlinea.com\/radiocristiana\/?p=1811"},"modified":"2017-03-20T23:01:28","modified_gmt":"2017-03-21T05:01:28","slug":"eres-lo-que-se-espera","status":"publish","type":"post","link":"https:\/\/radiocristianaenlinea.com\/radiocristiana\/2017\/03\/20\/eres-lo-que-se-espera\/","title":{"rendered":"\u00bfERES LO QUE SE ESPERA?"},"content":{"rendered":"<p>Con gran tristeza se hace muy normal que cada d\u00eda haya personas desaparecidas! en especial mujeres adolescentes o ni\u00f1os!! ya sea por \u00abtrata de blancas\u00bb o el tr\u00e1fico de personas u \u00f3rganos!!&#8230;<\/p>\n<p>Se que todos estamos preocupados por esta situaci\u00f3n, y necesitamos el apoyo de la sociedad en su conjunto para resolver este tema!! Sin embargo, hace poco, hubo un caso en el que dos adolescentes fueron rescatadas y para colmo de muchos, declararon que hab\u00eda autoridades involucradas en estos hechos como ya es costumbre!!<\/p>\n<p>Si esperamos que todos apoyemos para poner un alto a este problema, cu\u00e1nto m\u00e1s deseamos que nuestras autoridades ataquen el problema y que no est\u00e9n involucrados!!!<\/p>\n<p>Acaso no te desilusiona recibir estas noticias? As\u00ed como es decepcionante escuchar esto, te has puesto a pensar que tambi\u00e9n nosotros, como hijos de Dios, podr\u00edamos decepcionar con nuestra conducta a nuestro amado Padre?<\/p>\n<p>\u201cAhora cantar\u00e9 para aqu\u00e9l a quien amo un canto acerca de su vi\u00f1a.<\/p>\n<p>Mi amado ten\u00eda una vi\u00f1a en una colina rica y f\u00e9rtil. Ar\u00f3 la tierra, le quit\u00f3 las piedras y sembr\u00f3 en ella las mejores vides. En medio de su vi\u00f1a construy\u00f3 una torre de vigilancia y tall\u00f3 un lagar en las rocas cercanas. Luego esper\u00f3 una cosecha de uvas dulces, pero las uvas que crecieron eran amargas. Ahora ustedes, pueblo de Jerusal\u00e9n y de Jud\u00e1, juzguen entre mi vi\u00f1a y yo. \u00bfQu\u00e9 m\u00e1s podr\u00eda hacer por mi vi\u00f1a, que no haya hecho ya? \u00bfPor qu\u00e9, cuando esperaba uvas dulces, mi vi\u00f1a me dio uvas amargas?<br \/>\n(Isa\u00edas 5:1-4)<\/p>\n<p>El amo de esta historia es Dios quien se esforz\u00f3 para tener una hermosa vi\u00f1a!! (nosotros) porque trabajo con gozo y le dio un buen lugar, quit\u00f3 todo aquello que le har\u00eda da\u00f1o, le dio lo mejor, incluso construy\u00f3 una torre para vigilarla y con un lago para que no le faltare el agua, el due\u00f1o esperaba que la vi\u00f1a diera buenos frutos, sin embargo esta fue una decepci\u00f3n para \u00e9l, porque al final dio frutos amargos!!<\/p>\n<p>Es triste pensar en padres que realizan toda clase de esfuerzos para que sus hijos progresen&#8230; mientras estos, despreocupadamente, gastan su dinero en vicios, en lugar de estudiar!!<\/p>\n<p>Igualmente es muy triste pensar que Dios est\u00e1 esperando mucho de nosotros!! y hasta ahora, tal vez no hemos cumplido con sus expectativas!!,<\/p>\n<p>Qu\u00e9 m\u00e1s puede hacer Dios por nosotros? El est\u00e1 esperando nuestros buenos frutos!!<\/p>\n<p>Amigo&#8230;Hoy te invito a reflexionar, qu\u00e9 frutos tienes&#8230; porque nunca es tarde para cambiar!! comienza a sembrar, corrige tu testimonio, esfu\u00e9rzate para ser un buen ejemplo, que te conozcan como un cristiano que no miente, que sabe controlar sus emociones!! donde s\u00f3lo se puede encontrar paz, verdad, amor, luz y vida!!<\/p>\n<p>Dejemos de decepcionar a Dios y a nuestro pr\u00f3jimo, seamos esa luz para este mundo que tanto lo necesita!!<\/p>\n<p>Recuerda que Dios est\u00e1 esperando resultados\u2026Vamos!! Que sepan qui\u00e9n eres y a quien sirves!!!<\/p>\n<p>DIOS LOS BENDIGA A TODOS Y QUE TENGAN UN EXCELENTE INICIO DE SEMANA!!<br \/>\nJon Alvarado<\/p>\n","protected":false},"excerpt":{"rendered":"<p>Con gran tristeza se hace muy normal que cada d\u00eda haya personas desaparecidas! en especial mujeres adolescentes o ni\u00f1os!! ya sea por \u00abtrata de blancas\u00bb o el tr\u00e1fico de personas u \u00f3rganos!!&#8230; Se que todos estamos preocupados por esta situaci\u00f3n, y necesitamos el apoyo de la sociedad en su conjunto para resolver este tema!! Sin [&hellip;]<\/p>\n","protected":false},"author":1,"featured_media":1812,"comment_status":"closed","ping_status":"closed","sticky":false,"template":"","format":"standard","meta":{"_crdt_document":"","_monsterinsights_skip_tracking":false,"_monsterinsights_sitenote_active":false,"_monsterinsights_sitenote_note":"","_monsterinsights_sitenote_category":0,"footnotes":""},"categories":[35],"tags":[],"class_list":{"0":"post-1811","1":"post","2":"type-post","3":"status-publish","4":"format-standard","5":"has-post-thumbnail","6":"hentry","7":"category-jon-alvarado","9":"post-with-thumbnail","10":"post-with-thumbnail-large"},"aioseo_notices":[],"_links":{"self":[{"href":"https:\/\/radiocristianaenlinea.com\/radiocristiana\/wp-json\/wp\/v2\/posts\/1811","targetHints":{"allow":["GET"]}}],"collection":[{"href":"https:\/\/radiocristianaenlinea.com\/radiocristiana\/wp-json\/wp\/v2\/posts"}],"about":[{"href":"https:\/\/radiocristianaenlinea.com\/radiocristiana\/wp-json\/wp\/v2\/types\/post"}],"author":[{"embeddable":true,"href":"https:\/\/radiocristianaenlinea.com\/radiocristiana\/wp-json\/wp\/v2\/users\/1"}],"replies":[{"embeddable":true,"href":"https:\/\/radiocristianaenlinea.com\/radiocristiana\/wp-json\/wp\/v2\/comments?post=1811"}],"version-history":[{"count":1,"href":"https:\/\/radiocristianaenlinea.com\/radiocristiana\/wp-json\/wp\/v2\/posts\/1811\/revisions"}],"predecessor-version":[{"id":1813,"href":"https:\/\/radiocristianaenlinea.com\/radiocristiana\/wp-json\/wp\/v2\/posts\/1811\/revisions\/1813"}],"wp:featuredmedia":[{"embeddable":true,"href":"https:\/\/radiocristianaenlinea.com\/radiocristiana\/wp-json\/wp\/v2\/media\/1812"}],"wp:attachment":[{"href":"https:\/\/radiocristianaenlinea.com\/radiocristiana\/wp-json\/wp\/v2\/media?parent=1811"}],"wp:term":[{"taxonomy":"category","embeddable":true,"href":"https:\/\/radiocristianaenlinea.com\/radiocristiana\/wp-json\/wp\/v2\/categories?post=1811"},{"taxonomy":"post_tag","embeddable":true,"href":"https:\/\/radiocristianaenlinea.com\/radiocristiana\/wp-json\/wp\/v2\/tags?post=1811"}],"curies":[{"name":"wp","href":"https:\/\/api.w.org\/{rel}","templated":true}]}}