{"id":1823,"date":"2017-03-25T15:31:52","date_gmt":"2017-03-25T21:31:52","guid":{"rendered":"https:\/\/radiocristianaenlinea.com\/radiocristiana\/?p=1823"},"modified":"2017-03-26T21:01:01","modified_gmt":"2017-03-27T03:01:01","slug":"xiii-premios-arpa","status":"publish","type":"post","link":"https:\/\/radiocristianaenlinea.com\/radiocristiana\/2017\/03\/25\/xiii-premios-arpa\/","title":{"rendered":"XIII-Premios Arpa."},"content":{"rendered":"<h2><strong><span style=\"color: #000080;\">El reconocimiento mas importante a la m\u00fasica\u00a0cristiana en Iberoamerica.<\/span><\/strong><\/h2>\n<p><a href=\"https:\/\/radiocristianaenlinea.com\/radiocristiana\/wp-content\/uploads\/2017\/03\/17409482_1288473694521210_1275638307_n.jpg\"><img loading=\"lazy\" decoding=\"async\" class=\" wp-image-1828 alignleft\" src=\"https:\/\/radiocristianaenlinea.com\/radiocristiana\/wp-content\/uploads\/2017\/03\/17409482_1288473694521210_1275638307_n-300x225.jpg\" alt=\"\" width=\"331\" height=\"248\" srcset=\"https:\/\/radiocristianaenlinea.com\/radiocristiana\/wp-content\/uploads\/2017\/03\/17409482_1288473694521210_1275638307_n-300x225.jpg 300w, https:\/\/radiocristianaenlinea.com\/radiocristiana\/wp-content\/uploads\/2017\/03\/17409482_1288473694521210_1275638307_n-768x576.jpg 768w, https:\/\/radiocristianaenlinea.com\/radiocristiana\/wp-content\/uploads\/2017\/03\/17409482_1288473694521210_1275638307_n-950x713.jpg 950w, https:\/\/radiocristianaenlinea.com\/radiocristiana\/wp-content\/uploads\/2017\/03\/17409482_1288473694521210_1275638307_n.jpg 960w\" sizes=\"auto, (max-width: 331px) 100vw, 331px\" \/><\/a><\/p>\n<p>&nbsp;<\/p>\n<p>Fue incre\u00edble las participaciones de \u00ab<span style=\"color: #ff0000;\">Sonnus &amp; Deluz y Emmanuel &amp; linda\u00bb<\/span> que se dieron citas este 18 de marzo en la CDMX en el auditorio VEA, todos esperando los resultados de las 22 categor\u00edas nominadas.<\/p>\n<p><a href=\"https:\/\/radiocristianaenlinea.com\/radiocristiana\/wp-content\/uploads\/2017\/03\/17457252_1371443289580149_8751857631882802113_n.jpg\"><img loading=\"lazy\" decoding=\"async\" class=\"alignnone size-medium wp-image-1830\" src=\"https:\/\/radiocristianaenlinea.com\/radiocristiana\/wp-content\/uploads\/2017\/03\/17457252_1371443289580149_8751857631882802113_n-300x201.jpg\" alt=\"\" width=\"300\" height=\"201\" srcset=\"https:\/\/radiocristianaenlinea.com\/radiocristiana\/wp-content\/uploads\/2017\/03\/17457252_1371443289580149_8751857631882802113_n-300x201.jpg 300w, https:\/\/radiocristianaenlinea.com\/radiocristiana\/wp-content\/uploads\/2017\/03\/17457252_1371443289580149_8751857631882802113_n-768x514.jpg 768w, https:\/\/radiocristianaenlinea.com\/radiocristiana\/wp-content\/uploads\/2017\/03\/17457252_1371443289580149_8751857631882802113_n-950x635.jpg 950w, https:\/\/radiocristianaenlinea.com\/radiocristiana\/wp-content\/uploads\/2017\/03\/17457252_1371443289580149_8751857631882802113_n.jpg 960w\" sizes=\"auto, (max-width: 300px) 100vw, 300px\" \/><\/a><\/p>\n<p><em><strong><span style=\"color: #008000;\">Sol Detente\/Alvaro Lopez\/&amp;Resqband<\/span><\/strong><\/em><\/p>\n<p>De lo mas esperado fueron las siguientes categor\u00edas de las cuales el productor y compositor de esta agrupaci\u00f3n que esta teniendo mucha actividad en estos \u00faltimos meses presentan su material \u00ab<strong>SOL DETENTE <\/strong>\/ ALVARO LOPEZ &amp; RESQBAND \u00bb teniendo el premio en estas dos categor\u00edas:<\/p>\n<h5 class=\"paragraph_style_5\" data-fontsize=\"33\" data-lineheight=\"28\">CATEGOR\u00cdA 10:<br \/>\n\u00c1LBUM DEL A\u00d1O<br \/>\nRe-ediciones, recopilaciones y ediciones de \u201cgrandes \u00e9xitos\u201d no son elegibles. Premio al artista, productor e ingeniero de grabaci\u00f3n.<\/h5>\n<p><a href=\"https:\/\/radiocristianaenlinea.com\/radiocristiana\/wp-content\/uploads\/2017\/03\/17457642_1371441026247042_7939495860868210176_n.jpg\"><img loading=\"lazy\" decoding=\"async\" class=\" wp-image-1831 aligncenter\" src=\"https:\/\/radiocristianaenlinea.com\/radiocristiana\/wp-content\/uploads\/2017\/03\/17457642_1371441026247042_7939495860868210176_n-300x201.jpg\" alt=\"\" width=\"337\" height=\"226\" srcset=\"https:\/\/radiocristianaenlinea.com\/radiocristiana\/wp-content\/uploads\/2017\/03\/17457642_1371441026247042_7939495860868210176_n-300x201.jpg 300w, https:\/\/radiocristianaenlinea.com\/radiocristiana\/wp-content\/uploads\/2017\/03\/17457642_1371441026247042_7939495860868210176_n-768x514.jpg 768w, https:\/\/radiocristianaenlinea.com\/radiocristiana\/wp-content\/uploads\/2017\/03\/17457642_1371441026247042_7939495860868210176_n-950x635.jpg 950w, https:\/\/radiocristianaenlinea.com\/radiocristiana\/wp-content\/uploads\/2017\/03\/17457642_1371441026247042_7939495860868210176_n.jpg 960w\" sizes=\"auto, (max-width: 337px) 100vw, 337px\" \/><\/a><\/p>\n<h5 class=\"paragraph_style_5\" data-fontsize=\"33\" data-lineheight=\"28\">CATEGOR\u00cdA 20:<br \/>\nMEJOR \u00c1LBUM INDEPENDIENTE<br \/>\nPara \u00e1lbumes producidos de manera independiente o por una productora identificada como \u201cno major label\u201d y lanzados comercialmente durante el periodo de elegibilidad. Premio al artista.<\/h5>\n<p>Los resultados fueron los esperados ya que este proyecto de \u00absol detente\u00bb es una bendici\u00f3n musical, en sus letras de las canciones. y el acoplamiento con los invitados fue una inercia de bendici\u00f3n para nuestro o\u00eddos y almas.<\/p>\n<p><strong><em><span style=\"color: #008000;\">Daniela Sanjuanello<\/span><\/em><\/strong><\/p>\n<p><span style=\"color: #000080;\"><strong>Otras de las categor\u00edas<\/strong><\/span> esperadas fue la categor\u00eda 4 donde <span style=\"color: #ff00ff;\">Daniela Sanjuanello<\/span> fue la ganadora, mencionando que su sencillez y carisma fue lo que ella demostr\u00f3 con los medios y en el escenario al momento de recibir su premio, fue tan grande la emoci\u00f3n que por accidente en un movimiento inesperado se callo el premio y se quebr\u00f3.<\/p>\n<p><a href=\"https:\/\/radiocristianaenlinea.com\/radiocristiana\/wp-content\/uploads\/2017\/03\/17440116_1288473071187939_612835061_n-1.jpg\"><img loading=\"lazy\" decoding=\"async\" class=\"alignnone size-medium wp-image-1834\" src=\"https:\/\/radiocristianaenlinea.com\/radiocristiana\/wp-content\/uploads\/2017\/03\/17440116_1288473071187939_612835061_n-1-300x225.jpg\" alt=\"\" width=\"300\" height=\"225\" srcset=\"https:\/\/radiocristianaenlinea.com\/radiocristiana\/wp-content\/uploads\/2017\/03\/17440116_1288473071187939_612835061_n-1-300x225.jpg 300w, https:\/\/radiocristianaenlinea.com\/radiocristiana\/wp-content\/uploads\/2017\/03\/17440116_1288473071187939_612835061_n-1-768x576.jpg 768w, https:\/\/radiocristianaenlinea.com\/radiocristiana\/wp-content\/uploads\/2017\/03\/17440116_1288473071187939_612835061_n-1-950x713.jpg 950w, https:\/\/radiocristianaenlinea.com\/radiocristiana\/wp-content\/uploads\/2017\/03\/17440116_1288473071187939_612835061_n-1.jpg 960w\" sizes=\"auto, (max-width: 300px) 100vw, 300px\" \/><\/a><a href=\"https:\/\/radiocristianaenlinea.com\/radiocristiana\/wp-content\/uploads\/2017\/03\/17439635_1287593577942555_1534973734_n.jpg\"><img loading=\"lazy\" decoding=\"async\" class=\"alignnone size-medium wp-image-1837\" src=\"https:\/\/radiocristianaenlinea.com\/radiocristiana\/wp-content\/uploads\/2017\/03\/17439635_1287593577942555_1534973734_n-300x225.jpg\" alt=\"\" width=\"300\" height=\"225\" srcset=\"https:\/\/radiocristianaenlinea.com\/radiocristiana\/wp-content\/uploads\/2017\/03\/17439635_1287593577942555_1534973734_n-300x225.jpg 300w, https:\/\/radiocristianaenlinea.com\/radiocristiana\/wp-content\/uploads\/2017\/03\/17439635_1287593577942555_1534973734_n-768x576.jpg 768w, https:\/\/radiocristianaenlinea.com\/radiocristiana\/wp-content\/uploads\/2017\/03\/17439635_1287593577942555_1534973734_n-950x713.jpg 950w, https:\/\/radiocristianaenlinea.com\/radiocristiana\/wp-content\/uploads\/2017\/03\/17439635_1287593577942555_1534973734_n.jpg 960w\" sizes=\"auto, (max-width: 300px) 100vw, 300px\" \/><\/a><\/p>\n<p>comento para nuestros micr\u00f3fonos que es una man\u00eda de soltar las cosas en momentos de emocionantes, la categor\u00eda donde fue ganadora fue la siguiente:<\/p>\n<h5 class=\"paragraph_style_5\" data-fontsize=\"33\" data-lineheight=\"28\">CATEGOR\u00cdA 4:<br \/>\nMEJOR \u00c1LBUM VOCAL FEMENINO<br \/>\nPara el \u00e1lbum con interpretaci\u00f3n vocal de una artista femenina solista. Premio al artista.<\/h5>\n<p>Las participaciones de los chicos de\u00a0<span style=\"color: #0000ff;\"><strong>Bband Jazz 43:13\u00a0<\/strong><span style=\"color: #000000;\">fue de bendici\u00f3n para todos los presentes ya que su talento y \u00a0ejecuci\u00f3n de su m\u00fasica fue perfecta.<\/span><\/span><\/p>\n<p><span style=\"color: #0000ff;\"><span style=\"color: #000000;\">\u00a0<a href=\"https:\/\/radiocristianaenlinea.com\/radiocristiana\/wp-content\/uploads\/2017\/03\/17440296_1288473701187876_32611943_n.jpg\"><img loading=\"lazy\" decoding=\"async\" class=\"alignnone size-medium wp-image-1836\" src=\"https:\/\/radiocristianaenlinea.com\/radiocristiana\/wp-content\/uploads\/2017\/03\/17440296_1288473701187876_32611943_n-300x225.jpg\" alt=\"\" width=\"300\" height=\"225\" srcset=\"https:\/\/radiocristianaenlinea.com\/radiocristiana\/wp-content\/uploads\/2017\/03\/17440296_1288473701187876_32611943_n-300x225.jpg 300w, https:\/\/radiocristianaenlinea.com\/radiocristiana\/wp-content\/uploads\/2017\/03\/17440296_1288473701187876_32611943_n-768x576.jpg 768w, https:\/\/radiocristianaenlinea.com\/radiocristiana\/wp-content\/uploads\/2017\/03\/17440296_1288473701187876_32611943_n-950x713.jpg 950w, https:\/\/radiocristianaenlinea.com\/radiocristiana\/wp-content\/uploads\/2017\/03\/17440296_1288473701187876_32611943_n.jpg 960w\" sizes=\"auto, (max-width: 300px) 100vw, 300px\" \/><\/a><\/span><\/span><\/p>\n<p><em><span style=\"color: #008000;\"><strong>Jonathan Mora<\/strong><\/span><\/em><\/p>\n<p>Los colombianos se dieron cita en estas nominaciones y otro que llego con el coraz\u00f3n es J. Moran el cual fue el ganador de la categoria No.17, este chico llego con 4 nominaciones y fue triunfador con\u00a0<strong>TODO SE TRATA DE JES\u00daS <\/strong>\/ YONATHAN MORA :<\/p>\n<p><a href=\"https:\/\/radiocristianaenlinea.com\/radiocristiana\/wp-content\/uploads\/2017\/03\/17409498_1288474294521150_1246124537_n.jpg\"><img loading=\"lazy\" decoding=\"async\" class=\"alignnone size-medium wp-image-1832\" src=\"https:\/\/radiocristianaenlinea.com\/radiocristiana\/wp-content\/uploads\/2017\/03\/17409498_1288474294521150_1246124537_n-300x225.jpg\" alt=\"\" width=\"300\" height=\"225\" srcset=\"https:\/\/radiocristianaenlinea.com\/radiocristiana\/wp-content\/uploads\/2017\/03\/17409498_1288474294521150_1246124537_n-300x225.jpg 300w, https:\/\/radiocristianaenlinea.com\/radiocristiana\/wp-content\/uploads\/2017\/03\/17409498_1288474294521150_1246124537_n-768x576.jpg 768w, https:\/\/radiocristianaenlinea.com\/radiocristiana\/wp-content\/uploads\/2017\/03\/17409498_1288474294521150_1246124537_n-950x713.jpg 950w, https:\/\/radiocristianaenlinea.com\/radiocristiana\/wp-content\/uploads\/2017\/03\/17409498_1288474294521150_1246124537_n.jpg 960w\" sizes=\"auto, (max-width: 300px) 100vw, 300px\" \/><\/a><a href=\"https:\/\/radiocristianaenlinea.com\/radiocristiana\/wp-content\/uploads\/2017\/03\/17409856_1287568747945038_446840751_n.jpg\"><img loading=\"lazy\" decoding=\"async\" class=\"alignnone size-medium wp-image-1833\" src=\"https:\/\/radiocristianaenlinea.com\/radiocristiana\/wp-content\/uploads\/2017\/03\/17409856_1287568747945038_446840751_n-300x225.jpg\" alt=\"\" width=\"300\" height=\"225\" srcset=\"https:\/\/radiocristianaenlinea.com\/radiocristiana\/wp-content\/uploads\/2017\/03\/17409856_1287568747945038_446840751_n-300x225.jpg 300w, https:\/\/radiocristianaenlinea.com\/radiocristiana\/wp-content\/uploads\/2017\/03\/17409856_1287568747945038_446840751_n-768x576.jpg 768w, https:\/\/radiocristianaenlinea.com\/radiocristiana\/wp-content\/uploads\/2017\/03\/17409856_1287568747945038_446840751_n-950x713.jpg 950w, https:\/\/radiocristianaenlinea.com\/radiocristiana\/wp-content\/uploads\/2017\/03\/17409856_1287568747945038_446840751_n.jpg 960w\" sizes=\"auto, (max-width: 300px) 100vw, 300px\" \/><\/a><\/p>\n<h5 class=\"paragraph_style_12\" data-fontsize=\"33\" data-lineheight=\"28\">CATEGOR\u00cdA 17:<br \/>\n\u00c1LBUM POP \/ FUSI\u00d3N<br \/>\nPara el \u00e1lbum pop o fusi\u00f3n interpretado por grupo, dueto o solista. <span class=\"style_8\">Premio al artista.<\/span><\/h5>\n<p>En entrevista para nuestros micr\u00f3fonos menciono como Dios muestra su amor, sorprendiendo con estas 4 nominaciones en los premios Arpa, confiando que es Dios quien lo patrocina ya que no cuenta con un representante y fue sorpresa recibir y estar recibiendo estos premios y compartir tarima en esta prestigiosa ceremonia.<\/p>\n<p>Menciona como Dios lo levanto de recolectar basura, y lo esta llevando a ser luz y a testificar que para Dios no hay nada imposible.<\/p>\n<p>Estas fueron una de los momentos mas representativos que vivimos en estos Premios Arpa en la Edici\u00f3n XIII.<\/p>\n<p>Decaemos a todos los participantes de estos premios (XIII\/Premios Arpa) mucho \u00e9xito y estaremos muy atentos de su trayectoria en los proyectos presentes y en los futuros.<\/p>\n<p><a href=\"https:\/\/radiocristianaenlinea.com\/radiocristiana\/wp-content\/uploads\/2017\/03\/17409998_1287597497942163_174673894_n.jpg\"><img loading=\"lazy\" decoding=\"async\" class=\"alignnone size-medium wp-image-1824\" src=\"https:\/\/radiocristianaenlinea.com\/radiocristiana\/wp-content\/uploads\/2017\/03\/17409998_1287597497942163_174673894_n-300x225.jpg\" alt=\"\" width=\"300\" height=\"225\" srcset=\"https:\/\/radiocristianaenlinea.com\/radiocristiana\/wp-content\/uploads\/2017\/03\/17409998_1287597497942163_174673894_n-300x225.jpg 300w, https:\/\/radiocristianaenlinea.com\/radiocristiana\/wp-content\/uploads\/2017\/03\/17409998_1287597497942163_174673894_n-768x576.jpg 768w, https:\/\/radiocristianaenlinea.com\/radiocristiana\/wp-content\/uploads\/2017\/03\/17409998_1287597497942163_174673894_n-950x713.jpg 950w, https:\/\/radiocristianaenlinea.com\/radiocristiana\/wp-content\/uploads\/2017\/03\/17409998_1287597497942163_174673894_n.jpg 960w\" sizes=\"auto, (max-width: 300px) 100vw, 300px\" \/><\/a> <a href=\"https:\/\/radiocristianaenlinea.com\/radiocristiana\/wp-content\/uploads\/2017\/03\/17391944_1287568727945040_754719215_n.jpg\"><img loading=\"lazy\" decoding=\"async\" class=\"alignnone size-medium wp-image-1829\" src=\"https:\/\/radiocristianaenlinea.com\/radiocristiana\/wp-content\/uploads\/2017\/03\/17391944_1287568727945040_754719215_n-300x225.jpg\" alt=\"\" width=\"300\" height=\"225\" srcset=\"https:\/\/radiocristianaenlinea.com\/radiocristiana\/wp-content\/uploads\/2017\/03\/17391944_1287568727945040_754719215_n-300x225.jpg 300w, https:\/\/radiocristianaenlinea.com\/radiocristiana\/wp-content\/uploads\/2017\/03\/17391944_1287568727945040_754719215_n-768x576.jpg 768w, https:\/\/radiocristianaenlinea.com\/radiocristiana\/wp-content\/uploads\/2017\/03\/17391944_1287568727945040_754719215_n-950x713.jpg 950w, https:\/\/radiocristianaenlinea.com\/radiocristiana\/wp-content\/uploads\/2017\/03\/17391944_1287568727945040_754719215_n.jpg 960w\" sizes=\"auto, (max-width: 300px) 100vw, 300px\" \/><\/a><\/p>\n<p><a href=\"https:\/\/radiocristianaenlinea.com\/radiocristiana\/wp-content\/uploads\/2017\/03\/17440165_1288473081187938_769999546_n.jpg\"><img loading=\"lazy\" decoding=\"async\" class=\"alignnone size-medium wp-image-1835\" src=\"https:\/\/radiocristianaenlinea.com\/radiocristiana\/wp-content\/uploads\/2017\/03\/17440165_1288473081187938_769999546_n-300x225.jpg\" alt=\"\" width=\"300\" height=\"225\" srcset=\"https:\/\/radiocristianaenlinea.com\/radiocristiana\/wp-content\/uploads\/2017\/03\/17440165_1288473081187938_769999546_n-300x225.jpg 300w, https:\/\/radiocristianaenlinea.com\/radiocristiana\/wp-content\/uploads\/2017\/03\/17440165_1288473081187938_769999546_n-768x576.jpg 768w, https:\/\/radiocristianaenlinea.com\/radiocristiana\/wp-content\/uploads\/2017\/03\/17440165_1288473081187938_769999546_n-950x713.jpg 950w, https:\/\/radiocristianaenlinea.com\/radiocristiana\/wp-content\/uploads\/2017\/03\/17440165_1288473081187938_769999546_n.jpg 960w\" sizes=\"auto, (max-width: 300px) 100vw, 300px\" \/><\/a><a href=\"https:\/\/radiocristianaenlinea.com\/radiocristiana\/wp-content\/uploads\/2017\/03\/17361083_1288472901187956_1591173229_n.jpg\"><img loading=\"lazy\" decoding=\"async\" class=\"alignnone size-medium wp-image-1838\" src=\"https:\/\/radiocristianaenlinea.com\/radiocristiana\/wp-content\/uploads\/2017\/03\/17361083_1288472901187956_1591173229_n-300x225.jpg\" alt=\"\" width=\"300\" height=\"225\" srcset=\"https:\/\/radiocristianaenlinea.com\/radiocristiana\/wp-content\/uploads\/2017\/03\/17361083_1288472901187956_1591173229_n-300x225.jpg 300w, https:\/\/radiocristianaenlinea.com\/radiocristiana\/wp-content\/uploads\/2017\/03\/17361083_1288472901187956_1591173229_n-768x576.jpg 768w, https:\/\/radiocristianaenlinea.com\/radiocristiana\/wp-content\/uploads\/2017\/03\/17361083_1288472901187956_1591173229_n-950x713.jpg 950w, https:\/\/radiocristianaenlinea.com\/radiocristiana\/wp-content\/uploads\/2017\/03\/17361083_1288472901187956_1591173229_n.jpg 960w\" sizes=\"auto, (max-width: 300px) 100vw, 300px\" \/><\/a><a href=\"https:\/\/radiocristianaenlinea.com\/radiocristiana\/wp-content\/uploads\/2017\/03\/17409490_1288473877854525_73286899_n.jpg\"><img loading=\"lazy\" decoding=\"async\" class=\"alignnone size-medium wp-image-1839\" src=\"https:\/\/radiocristianaenlinea.com\/radiocristiana\/wp-content\/uploads\/2017\/03\/17409490_1288473877854525_73286899_n-300x225.jpg\" alt=\"\" width=\"300\" height=\"225\" srcset=\"https:\/\/radiocristianaenlinea.com\/radiocristiana\/wp-content\/uploads\/2017\/03\/17409490_1288473877854525_73286899_n-300x225.jpg 300w, https:\/\/radiocristianaenlinea.com\/radiocristiana\/wp-content\/uploads\/2017\/03\/17409490_1288473877854525_73286899_n-768x576.jpg 768w, https:\/\/radiocristianaenlinea.com\/radiocristiana\/wp-content\/uploads\/2017\/03\/17409490_1288473877854525_73286899_n-950x713.jpg 950w, https:\/\/radiocristianaenlinea.com\/radiocristiana\/wp-content\/uploads\/2017\/03\/17409490_1288473877854525_73286899_n.jpg 960w\" sizes=\"auto, (max-width: 300px) 100vw, 300px\" \/><\/a><a href=\"https:\/\/radiocristianaenlinea.com\/radiocristiana\/wp-content\/uploads\/2017\/03\/17439761_1288473891187857_1875252614_n.jpg\"><img loading=\"lazy\" decoding=\"async\" class=\"alignnone size-medium wp-image-1840\" src=\"https:\/\/radiocristianaenlinea.com\/radiocristiana\/wp-content\/uploads\/2017\/03\/17439761_1288473891187857_1875252614_n-300x225.jpg\" alt=\"\" width=\"300\" height=\"225\" srcset=\"https:\/\/radiocristianaenlinea.com\/radiocristiana\/wp-content\/uploads\/2017\/03\/17439761_1288473891187857_1875252614_n-300x225.jpg 300w, https:\/\/radiocristianaenlinea.com\/radiocristiana\/wp-content\/uploads\/2017\/03\/17439761_1288473891187857_1875252614_n-768x576.jpg 768w, https:\/\/radiocristianaenlinea.com\/radiocristiana\/wp-content\/uploads\/2017\/03\/17439761_1288473891187857_1875252614_n-950x713.jpg 950w, https:\/\/radiocristianaenlinea.com\/radiocristiana\/wp-content\/uploads\/2017\/03\/17439761_1288473891187857_1875252614_n.jpg 960w\" sizes=\"auto, (max-width: 300px) 100vw, 300px\" \/><\/a><\/p>\n<p><span style=\"color: #808080;\"><em>RadioCristianaEnLinea.com\/Por Gaby Mondragon, Martin Iba\u00f1ez\/Fotos: Gaby Mondragon\u00a0<\/em><\/span><\/p>\n<p>&nbsp;<\/p>\n<p>&nbsp;<\/p>\n","protected":false},"excerpt":{"rendered":"<p>El reconocimiento mas importante a la m\u00fasica\u00a0cristiana en Iberoamerica. &nbsp; Fue incre\u00edble las participaciones de \u00abSonnus &amp; Deluz y Emmanuel &amp; linda\u00bb que se dieron citas este 18 de marzo en la CDMX en el auditorio VEA, todos esperando los resultados de las 22 categor\u00edas nominadas. Sol Detente\/Alvaro Lopez\/&amp;Resqband De lo mas esperado fueron las [&hellip;]<\/p>\n","protected":false},"author":3,"featured_media":1859,"comment_status":"closed","ping_status":"closed","sticky":false,"template":"","format":"standard","meta":{"_crdt_document":"","_monsterinsights_skip_tracking":false,"_monsterinsights_sitenote_active":false,"_monsterinsights_sitenote_note":"","_monsterinsights_sitenote_category":0,"footnotes":""},"categories":[29],"tags":[],"class_list":{"0":"post-1823","1":"post","2":"type-post","3":"status-publish","4":"format-standard","5":"has-post-thumbnail","6":"hentry","7":"category-noticia-de-medios","9":"post-with-thumbnail","10":"post-with-thumbnail-large"},"aioseo_notices":[],"_links":{"self":[{"href":"https:\/\/radiocristianaenlinea.com\/radiocristiana\/wp-json\/wp\/v2\/posts\/1823","targetHints":{"allow":["GET"]}}],"collection":[{"href":"https:\/\/radiocristianaenlinea.com\/radiocristiana\/wp-json\/wp\/v2\/posts"}],"about":[{"href":"https:\/\/radiocristianaenlinea.com\/radiocristiana\/wp-json\/wp\/v2\/types\/post"}],"author":[{"embeddable":true,"href":"https:\/\/radiocristianaenlinea.com\/radiocristiana\/wp-json\/wp\/v2\/users\/3"}],"replies":[{"embeddable":true,"href":"https:\/\/radiocristianaenlinea.com\/radiocristiana\/wp-json\/wp\/v2\/comments?post=1823"}],"version-history":[{"count":4,"href":"https:\/\/radiocristianaenlinea.com\/radiocristiana\/wp-json\/wp\/v2\/posts\/1823\/revisions"}],"predecessor-version":[{"id":1844,"href":"https:\/\/radiocristianaenlinea.com\/radiocristiana\/wp-json\/wp\/v2\/posts\/1823\/revisions\/1844"}],"wp:featuredmedia":[{"embeddable":true,"href":"https:\/\/radiocristianaenlinea.com\/radiocristiana\/wp-json\/wp\/v2\/media\/1859"}],"wp:attachment":[{"href":"https:\/\/radiocristianaenlinea.com\/radiocristiana\/wp-json\/wp\/v2\/media?parent=1823"}],"wp:term":[{"taxonomy":"category","embeddable":true,"href":"https:\/\/radiocristianaenlinea.com\/radiocristiana\/wp-json\/wp\/v2\/categories?post=1823"},{"taxonomy":"post_tag","embeddable":true,"href":"https:\/\/radiocristianaenlinea.com\/radiocristiana\/wp-json\/wp\/v2\/tags?post=1823"}],"curies":[{"name":"wp","href":"https:\/\/api.w.org\/{rel}","templated":true}]}}