{"id":1847,"date":"2017-03-26T18:26:45","date_gmt":"2017-03-27T00:26:45","guid":{"rendered":"https:\/\/radiocristianaenlinea.com\/radiocristiana\/?p=1847"},"modified":"2017-03-26T18:26:45","modified_gmt":"2017-03-27T00:26:45","slug":"raices-profundas","status":"publish","type":"post","link":"https:\/\/radiocristianaenlinea.com\/radiocristiana\/2017\/03\/26\/raices-profundas\/","title":{"rendered":"RA\u00cdCES PROFUNDAS"},"content":{"rendered":"<p>Cuentan que un hombre edific\u00f3 su casa y decidi\u00f3 embellecerla con un jard\u00edn interno, en el centro plant\u00f3 un roble que crec\u00eda lentamente, cada d\u00eda echaba ra\u00edces y fortalec\u00eda su tallo, convirti\u00e9ndolo en un tronco capaz de resistir los vientos y las tormentas.<\/p>\n<p>Junto a la pared de su casa, el hombre, plant\u00f3 una hiedra y la misma comenz\u00f3 a levantarse velozmente, todos los d\u00edas extend\u00eda sus tent\u00e1culos llenos de ventosas, y se iba alzando adherida a la pared!,<br \/>\nal cabo de un tiempo la hiedra caminaba sobre los tejados, mientras que el roble crec\u00eda silenciosa y lentamente.<br \/>\n\u201c\u00bfC\u00f3mo est\u00e1s, amigo roble?\u201d, pregunt\u00f3 una ma\u00f1ana la hiedra&#8230;<\/p>\n<p>\u201cBien, mi amiga\u201d contest\u00f3 el roble,<\/p>\n<p>\u201cEso dices porque nunca llegaste hasta esta altura\u201d, agreg\u00f3 la hiedra con mucha iron\u00eda&#8230;<\/p>\n<p>\u201cDesde aqu\u00ed se ve todo tan distinto, a veces me da pena verte siempre all\u00e1 en fondo del patio\u201d&#8230;<br \/>\n\u201cNo te burles amiga\u201d, respondi\u00f3 muy humilde el roble, \u201cRecuerda que lo importante no es crecer de prisa, sino con firmeza\u201d&#8230;<\/p>\n<p>Entonces la hiedra lanz\u00f3 una carcajada burlona!<\/p>\n<p>El tiempo sigui\u00f3 su marcha y el roble creci\u00f3 con su ritmo firme y lento.<\/p>\n<p>Una noche, una fuerte tormenta sacudi\u00f3 con un cicl\u00f3n la ciudad!, fue una noche terrible!! pero el roble se aferr\u00f3 con sus ra\u00edces para mantenerse erguido!!<\/p>\n<p>La hiedra se aferr\u00f3 con sus ventosas al viejo muro para no ser derribada!!, la lucha fue dura y prolongada&#8230;<br \/>\nAl amanecer el due\u00f1o de la casa recorri\u00f3 su jard\u00edn, y vio que la hiedra hab\u00eda sido desprendida de la pared y estaba enredada en s\u00ed misma, en el suelo y al pie del roble! Entonces el hombre decidi\u00f3 arrancar la hiedra y la quem\u00f3!!<\/p>\n<p>A veces, como el roble, somos testigos de c\u00f3mo la gente, sin hacer mucho esfuerzo e inclusive haciendo las cosas sin mucha transparencia van avanzando r\u00e1pidamente y pareciera que han alcanzado mucho m\u00e1s que nosotros que buscamos obrar bien!!&#8230;<\/p>\n<p>Nos hemos sentido decepcionados, frustrados e incluso, en nuestra impotencia, cuestionamos a Dios por lo que estamos viviendo!! y no comprendemos c\u00f3mo es posible que haciendo las cosas como \u00c9l nos pide, nuestro avance sea tan lento o casi nulo y que los otros&#8230; que deciden vivir de acuerdo a su conveniencia y superficialmente est\u00e9n mejores!!.<\/p>\n<p>Amigo!! Detente!!&#8230; No hagas caso de las burlas ni te fijes en cu\u00e1nto ellos han crecido, lo cierto es que su futuro no es prometedor!!}<\/p>\n<p><strong>\u00abAunque ahora no lo veamos, sabemos que la perversidad nunca produce estabilidad pero las ra\u00edces de los justos son profundas\u00bb<br \/>\n(Proverbios 12:3)<\/strong><\/p>\n<p>Mantente firme en tu llamado, cumple tu misi\u00f3n y no mires a los dem\u00e1s!!, Si perseveras y vas afirmando tus ra\u00edces, no habr\u00e1 tempestad que pueda arrancarte!!<\/p>\n<p><strong>\u201cLos malvados se enriquecen temporalmente, pero la recompensa de los justos permanecer\u00e1\u201d.<br \/>\n(Proverbios 11:18)<\/strong><\/p>\n<p>Ten la plena esperanza en esto&#8230;<br \/>\n<strong><br \/>\n\u201cJoven fui, y he envejecido, Y no he visto justo desamparado, Ni su descendencia que mendigue pan.\u201d<br \/>\n??(Salmos? ?37:25?)<\/strong><\/p>\n<p>DIOS LOS BENDIGA A TODOS!!<br \/>\nJon Alvarado<\/p>\n","protected":false},"excerpt":{"rendered":"<p>Cuentan que un hombre edific\u00f3 su casa y decidi\u00f3 embellecerla con un jard\u00edn interno, en el centro plant\u00f3 un roble que crec\u00eda lentamente, cada d\u00eda echaba ra\u00edces y fortalec\u00eda su tallo, convirti\u00e9ndolo en un tronco capaz de resistir los vientos y las tormentas. Junto a la pared de su casa, el hombre, plant\u00f3 una hiedra [&hellip;]<\/p>\n","protected":false},"author":1,"featured_media":1848,"comment_status":"closed","ping_status":"closed","sticky":false,"template":"","format":"standard","meta":{"_crdt_document":"","_monsterinsights_skip_tracking":false,"_monsterinsights_sitenote_active":false,"_monsterinsights_sitenote_note":"","_monsterinsights_sitenote_category":0,"footnotes":""},"categories":[35],"tags":[],"class_list":{"0":"post-1847","1":"post","2":"type-post","3":"status-publish","4":"format-standard","5":"has-post-thumbnail","6":"hentry","7":"category-jon-alvarado","9":"post-with-thumbnail","10":"post-with-thumbnail-large"},"aioseo_notices":[],"_links":{"self":[{"href":"https:\/\/radiocristianaenlinea.com\/radiocristiana\/wp-json\/wp\/v2\/posts\/1847","targetHints":{"allow":["GET"]}}],"collection":[{"href":"https:\/\/radiocristianaenlinea.com\/radiocristiana\/wp-json\/wp\/v2\/posts"}],"about":[{"href":"https:\/\/radiocristianaenlinea.com\/radiocristiana\/wp-json\/wp\/v2\/types\/post"}],"author":[{"embeddable":true,"href":"https:\/\/radiocristianaenlinea.com\/radiocristiana\/wp-json\/wp\/v2\/users\/1"}],"replies":[{"embeddable":true,"href":"https:\/\/radiocristianaenlinea.com\/radiocristiana\/wp-json\/wp\/v2\/comments?post=1847"}],"version-history":[{"count":1,"href":"https:\/\/radiocristianaenlinea.com\/radiocristiana\/wp-json\/wp\/v2\/posts\/1847\/revisions"}],"predecessor-version":[{"id":1849,"href":"https:\/\/radiocristianaenlinea.com\/radiocristiana\/wp-json\/wp\/v2\/posts\/1847\/revisions\/1849"}],"wp:featuredmedia":[{"embeddable":true,"href":"https:\/\/radiocristianaenlinea.com\/radiocristiana\/wp-json\/wp\/v2\/media\/1848"}],"wp:attachment":[{"href":"https:\/\/radiocristianaenlinea.com\/radiocristiana\/wp-json\/wp\/v2\/media?parent=1847"}],"wp:term":[{"taxonomy":"category","embeddable":true,"href":"https:\/\/radiocristianaenlinea.com\/radiocristiana\/wp-json\/wp\/v2\/categories?post=1847"},{"taxonomy":"post_tag","embeddable":true,"href":"https:\/\/radiocristianaenlinea.com\/radiocristiana\/wp-json\/wp\/v2\/tags?post=1847"}],"curies":[{"name":"wp","href":"https:\/\/api.w.org\/{rel}","templated":true}]}}