{"id":1856,"date":"2017-03-26T20:01:04","date_gmt":"2017-03-27T02:01:04","guid":{"rendered":"https:\/\/radiocristianaenlinea.com\/radiocristiana\/?p=1856"},"modified":"2017-03-26T20:01:04","modified_gmt":"2017-03-27T02:01:04","slug":"de-que-soy-capaz","status":"publish","type":"post","link":"https:\/\/radiocristianaenlinea.com\/radiocristiana\/2017\/03\/26\/de-que-soy-capaz\/","title":{"rendered":"\u00bfDE QU\u00c9 SOY CAPAZ?"},"content":{"rendered":"<p>Hay una historia acerca de un hombre, amante de la naturaleza y habituado a explorarla. En una de sus m\u00faltiples expediciones, encontr\u00f3 un huevo muy grande y nunca hab\u00eda visto nada igual, as\u00ed que decidi\u00f3 llevarlo a su casa, Ser\u00e1 de un avestruz? le pregunt\u00f3 a su mujer&#8230; No, respondi\u00f3 ella&#8230; Es demasiado abultado! dijo el abuelo, Y si lo rompemos? propuso el hijo&#8230; Ser\u00eda una l\u00e1stima!! perder\u00edamos una hermosa curiosidad&#8230; respondi\u00f3 cuidadosa la abuela.<\/p>\n<p>Ante la duda, lo voy a colocar debajo de la pava que est\u00e1 empollando huevos!, tal vez con el tiempo nazca algo!!, afirm\u00f3 el hombre Y as\u00ed lo hizo!.<\/p>\n<p>Cuenta la historia que a los quince d\u00edas naci\u00f3 un pavito oscuro, grande, nervioso, que con mucha avidez comi\u00f3 todo el alimento que encontr\u00f3 a su alrededor, luego mir\u00f3 a la madre con vivacidad y le dijo: Bueno, ahora vamos a volar!!<\/p>\n<p>La pava se sorprendi\u00f3 much\u00edsimo de la proposici\u00f3n de su flamante cr\u00eda y le explic\u00f3:<br \/>\nMira, los pavos no vuelan! Te sienta mal comer de prisa!, el pavito terminaba su almuerzo o cena, su desayuno o merienda y les dec\u00eda a sus hermanos: Vamos, muchachos a volar!!!, todos los pavos le explicaban entonces otra vez: Los pavos no vuelan!!, A ti te sienta mal tanta comida!! <\/p>\n<p>El pavito empez\u00f3 a hablar m\u00e1s de comer y menos de volar&#8230;. <\/p>\n<p>As\u00ed que creci\u00f3 y con el tiempo muri\u00f3 en el corral!, muri\u00f3 sin nunca haber logrado volar, que pena!!, \u00c9l en realidad era un c\u00f3ndor! y hab\u00eda nacido con la capacidad de volar hasta los 7,000 metros de altura!!<br \/>\nPero nadie volaba&#8230;! sent\u00eda en su ser el volar pero lo que dec\u00edan los dem\u00e1s, finalmente le quit\u00f3 el poder de hacerlo!!<\/p>\n<p>Lo mismo sucede con nosotros, o\u00edmos m\u00e1s la opini\u00f3n que los dem\u00e1s tienen de nosotros, lo que creen ellos que podemos y no podemos hacer, y luego nos subestimamos tanto que dudamos de la gran obra que Dios hizo al crearnos!!<br \/>\nQue triste es cuando sucede esto, que habiendo sido creados para triunfar y volar alto, tal vez nos quedamos en una vida limitada por la opiniones de otros, por lo que los dem\u00e1s dicen que puedes hacer!<\/p>\n<p><strong>\u201c No que lo haya alcanzado ya, ni que ya sea perfecto; sino que prosigo por ver si logro asir aquello para lo cual fui tambi\u00e9n asido por Cristo Jes\u00fas.\u201d<br \/>\n(Filipenses 3:12)<\/strong><\/p>\n<p>Amigo&#8230; crees que no eres bueno s\u00f3lo porque te lo dijeron y viste que varios no pod\u00edan lograrlo?, pues es tiempo de que entiendas que Dios te perfecciona cada d\u00eda!!, a\u00fan no sabes c\u00f3mo servir a Dios? O no sabes qu\u00e9 te llam\u00f3 a hacer?&#8230; pues invol\u00facrate m\u00e1s en sus cosas, s\u00edrvelo con todo lo que tengas, da lo mejor de ti, no te dejes morir sin haber explotado tu potencial!! No dejes que el tiempo pase y digas, \u201cno sab\u00eda que pod\u00eda hacerlo\u201d, te aseguro que Dios te sorprender\u00e1 porque descubrir\u00e1s que eres \u00fanico y capaz de mucho m\u00e1s!!<\/p>\n<p>No seas lo que los dem\u00e1s digan sino lo que Dios declar\u00f3 que eres!!<\/p>\n<p><strong>\u201cA fin de que el hombre de Dios sea perfecto, enteramente preparado para toda buena obra\u201d<br \/>\n(2 Timoteo 3:17)<\/strong><\/p>\n<p>DIOS LOS BENDIGA A TODOS!!<br \/>\nJon Alvarado<\/p>\n","protected":false},"excerpt":{"rendered":"<p>Hay una historia acerca de un hombre, amante de la naturaleza y habituado a explorarla. En una de sus m\u00faltiples expediciones, encontr\u00f3 un huevo muy grande y nunca hab\u00eda visto nada igual, as\u00ed que decidi\u00f3 llevarlo a su casa, Ser\u00e1 de un avestruz? le pregunt\u00f3 a su mujer&#8230; No, respondi\u00f3 ella&#8230; Es demasiado abultado! dijo [&hellip;]<\/p>\n","protected":false},"author":1,"featured_media":1857,"comment_status":"closed","ping_status":"closed","sticky":false,"template":"","format":"standard","meta":{"_crdt_document":"","_monsterinsights_skip_tracking":false,"_monsterinsights_sitenote_active":false,"_monsterinsights_sitenote_note":"","_monsterinsights_sitenote_category":0,"footnotes":""},"categories":[35],"tags":[],"class_list":{"0":"post-1856","1":"post","2":"type-post","3":"status-publish","4":"format-standard","5":"has-post-thumbnail","6":"hentry","7":"category-jon-alvarado","9":"post-with-thumbnail","10":"post-with-thumbnail-large"},"aioseo_notices":[],"_links":{"self":[{"href":"https:\/\/radiocristianaenlinea.com\/radiocristiana\/wp-json\/wp\/v2\/posts\/1856","targetHints":{"allow":["GET"]}}],"collection":[{"href":"https:\/\/radiocristianaenlinea.com\/radiocristiana\/wp-json\/wp\/v2\/posts"}],"about":[{"href":"https:\/\/radiocristianaenlinea.com\/radiocristiana\/wp-json\/wp\/v2\/types\/post"}],"author":[{"embeddable":true,"href":"https:\/\/radiocristianaenlinea.com\/radiocristiana\/wp-json\/wp\/v2\/users\/1"}],"replies":[{"embeddable":true,"href":"https:\/\/radiocristianaenlinea.com\/radiocristiana\/wp-json\/wp\/v2\/comments?post=1856"}],"version-history":[{"count":1,"href":"https:\/\/radiocristianaenlinea.com\/radiocristiana\/wp-json\/wp\/v2\/posts\/1856\/revisions"}],"predecessor-version":[{"id":1858,"href":"https:\/\/radiocristianaenlinea.com\/radiocristiana\/wp-json\/wp\/v2\/posts\/1856\/revisions\/1858"}],"wp:featuredmedia":[{"embeddable":true,"href":"https:\/\/radiocristianaenlinea.com\/radiocristiana\/wp-json\/wp\/v2\/media\/1857"}],"wp:attachment":[{"href":"https:\/\/radiocristianaenlinea.com\/radiocristiana\/wp-json\/wp\/v2\/media?parent=1856"}],"wp:term":[{"taxonomy":"category","embeddable":true,"href":"https:\/\/radiocristianaenlinea.com\/radiocristiana\/wp-json\/wp\/v2\/categories?post=1856"},{"taxonomy":"post_tag","embeddable":true,"href":"https:\/\/radiocristianaenlinea.com\/radiocristiana\/wp-json\/wp\/v2\/tags?post=1856"}],"curies":[{"name":"wp","href":"https:\/\/api.w.org\/{rel}","templated":true}]}}