{"id":1889,"date":"2017-04-05T12:13:21","date_gmt":"2017-04-05T17:13:21","guid":{"rendered":"https:\/\/radiocristianaenlinea.com\/radiocristiana\/?p=1889"},"modified":"2017-04-05T12:15:29","modified_gmt":"2017-04-05T17:15:29","slug":"1889","status":"publish","type":"post","link":"https:\/\/radiocristianaenlinea.com\/radiocristiana\/2017\/04\/05\/1889\/","title":{"rendered":"Nahum Calderon &#8211; Presenta su disco \u00abTu Amor Es Suficiente\u00bb"},"content":{"rendered":"<p><a href=\"https:\/\/radiocristianaenlinea.com\/radiocristiana\/wp-content\/uploads\/2017\/04\/logo-Nahum.png\"><img loading=\"lazy\" decoding=\"async\" class=\"alignnone size-full wp-image-1890\" src=\"https:\/\/radiocristianaenlinea.com\/radiocristiana\/wp-content\/uploads\/2017\/04\/logo-Nahum.png\" alt=\"\" width=\"369\" height=\"100\" srcset=\"https:\/\/radiocristianaenlinea.com\/radiocristiana\/wp-content\/uploads\/2017\/04\/logo-Nahum.png 369w, https:\/\/radiocristianaenlinea.com\/radiocristiana\/wp-content\/uploads\/2017\/04\/logo-Nahum-300x81.png 300w\" sizes=\"auto, (max-width: 369px) 100vw, 369px\" \/><\/a><\/p>\n<p>Dios les bendiga Radiocristianaelinea<\/p>\n<p style=\"text-align: center;\"><a href=\"https:\/\/radiocristianaenlinea.com\/radiocristiana\/wp-content\/uploads\/2017\/04\/Foto-1-Nahum.jpg\"><img loading=\"lazy\" decoding=\"async\" class=\"alignnone size-full wp-image-1892\" src=\"https:\/\/radiocristianaenlinea.com\/radiocristiana\/wp-content\/uploads\/2017\/04\/Foto-1-Nahum.jpg\" alt=\"\" width=\"225\" height=\"225\" srcset=\"https:\/\/radiocristianaenlinea.com\/radiocristiana\/wp-content\/uploads\/2017\/04\/Foto-1-Nahum.jpg 225w, https:\/\/radiocristianaenlinea.com\/radiocristiana\/wp-content\/uploads\/2017\/04\/Foto-1-Nahum-150x150.jpg 150w, https:\/\/radiocristianaenlinea.com\/radiocristiana\/wp-content\/uploads\/2017\/04\/Foto-1-Nahum-50x50.jpg 50w, https:\/\/radiocristianaenlinea.com\/radiocristiana\/wp-content\/uploads\/2017\/04\/Foto-1-Nahum-185x185.jpg 185w, https:\/\/radiocristianaenlinea.com\/radiocristiana\/wp-content\/uploads\/2017\/04\/Foto-1-Nahum-87x87.jpg 87w, https:\/\/radiocristianaenlinea.com\/radiocristiana\/wp-content\/uploads\/2017\/04\/Foto-1-Nahum-166x166.jpg 166w, https:\/\/radiocristianaenlinea.com\/radiocristiana\/wp-content\/uploads\/2017\/04\/Foto-1-Nahum-212x212.jpg 212w, https:\/\/radiocristianaenlinea.com\/radiocristiana\/wp-content\/uploads\/2017\/04\/Foto-1-Nahum-97x97.jpg 97w, https:\/\/radiocristianaenlinea.com\/radiocristiana\/wp-content\/uploads\/2017\/04\/Foto-1-Nahum-66x66.jpg 66w\" sizes=\"auto, (max-width: 225px) 100vw, 225px\" \/><\/a><\/p>\n<p>Un afectuoso saludo. Espero se encuentren muy bien y que la bendici\u00f3n de Dios este sobre ustedes. Mi nombre es Nahum Calder\u00f3n y vivo en Venezuela. Creo que tengo algo que decir de parte de Dios y lo estoy haciendo a trav\u00e9s de la m\u00fasica. Aprendiendo a escribir compuse mi primer disco <strong>\u201cTu Amor Es Suficiente\u201d,<\/strong> el cual me permiti\u00f3 ganar un premio Arca (Venezuela) y ser nominado en dos categor\u00edas en los premios Arpa de M\u00e9xico en el a\u00f1o 2015. Motivado a esto y a lo que Dios me ha hablado actualmente, pr\u00f3ximamente estar\u00e9 realizando el lanzamiento de mi segundo disco, una producci\u00f3n mucho m\u00e1s madura a nivel de letras y arreglos. Mi intenci\u00f3n con este mensaje no es incomodarles sino bendecirles y es por ello que quiero ser corto en mis palabras, solo les pido que escuchen y como buenos conocedores de la m\u00fasica, juzguen.<\/p>\n<p>&nbsp;<\/p>\n<p><a href=\"https:\/\/radiocristianaenlinea.com\/radiocristiana\/wp-content\/uploads\/2017\/04\/Foto-4-Nahum.jpg\"><img loading=\"lazy\" decoding=\"async\" class=\"alignnone wp-image-1895\" src=\"https:\/\/radiocristianaenlinea.com\/radiocristiana\/wp-content\/uploads\/2017\/04\/Foto-4-Nahum.jpg\" alt=\"\" width=\"190\" height=\"223\" \/><\/a>\u00a0 \u00a0<a href=\"https:\/\/radiocristianaenlinea.com\/radiocristiana\/wp-content\/uploads\/2017\/04\/Foto-3-Nahum.jpg\"><img loading=\"lazy\" decoding=\"async\" class=\"alignnone size-full wp-image-1894\" src=\"https:\/\/radiocristianaenlinea.com\/radiocristiana\/wp-content\/uploads\/2017\/04\/Foto-3-Nahum.jpg\" alt=\"\" width=\"190\" height=\"223\" \/><\/a>\u00a0 \u00a0 \u00a0\u00a0 <a href=\"https:\/\/radiocristianaenlinea.com\/radiocristiana\/wp-content\/uploads\/2017\/04\/Foto-2-Nahum.jpg\"><img loading=\"lazy\" decoding=\"async\" class=\"alignnone size-full wp-image-1893\" src=\"https:\/\/radiocristianaenlinea.com\/radiocristiana\/wp-content\/uploads\/2017\/04\/Foto-2-Nahum.jpg\" alt=\"\" width=\"190\" height=\"223\" \/><\/a><\/p>\n<p>Quisiera tener la oportunidad de ser escuchado y si existe la posibilidad ser apoyado.<\/p>\n<p>Si requieren m\u00e1s informaci\u00f3n de este su servidor pueden escribirme por este medio o por cualquiera de mis redes sociales.<\/p>\n<p><a href=\"https:\/\/radiocristianaenlinea.com\/radiocristiana\/wp-content\/uploads\/2017\/04\/portada-Nahum.jpg\"><img loading=\"lazy\" decoding=\"async\" class=\"alignnone size-full wp-image-1891\" src=\"https:\/\/radiocristianaenlinea.com\/radiocristiana\/wp-content\/uploads\/2017\/04\/portada-Nahum.jpg\" alt=\"\" width=\"600\" height=\"338\" srcset=\"https:\/\/radiocristianaenlinea.com\/radiocristiana\/wp-content\/uploads\/2017\/04\/portada-Nahum.jpg 600w, https:\/\/radiocristianaenlinea.com\/radiocristiana\/wp-content\/uploads\/2017\/04\/portada-Nahum-300x169.jpg 300w\" sizes=\"auto, (max-width: 600px) 100vw, 600px\" \/><\/a> image<br \/>\nimage<br \/>\nimage<br \/>\nimage<\/p>\n<p>La vida es una carretera. Algunos caminan a la velocidad que pueden, porque depende de las fuerzas que tengan y cuanto peso lleven en su maleta. Decid\u00ed viajar ligero para que cada paraje del camino me regale un pedazo de los buenos momentos y de los malos tambi\u00e9n, de lo que me entregan las personas con sus historias, haci\u00e9ndolas tan m\u00edas. Quise escribir de todo esto y aquello, de como Dios se presenta en el camino cuando nos falta todo y como \u00c9l se convierte en el mejor compa\u00f1ero de esta vida.<br \/>\nMenos peso, m\u00e1s vida\u2026<\/p>\n<p><iframe loading=\"lazy\" src=\"https:\/\/www.youtube.com\/embed\/_yUdxi-N50Q\" width=\"640\" height=\"354\" frameborder=\"0\" allowfullscreen=\"allowfullscreen\"><\/iframe><\/p>\n","protected":false},"excerpt":{"rendered":"<p>Dios les bendiga Radiocristianaelinea Un afectuoso saludo. Espero se encuentren muy bien y que la bendici\u00f3n de Dios este sobre ustedes. Mi nombre es Nahum Calder\u00f3n y vivo en Venezuela. Creo que tengo algo que decir de parte de Dios y lo estoy haciendo a trav\u00e9s de la m\u00fasica. Aprendiendo a escribir compuse mi primer [&hellip;]<\/p>\n","protected":false},"author":1,"featured_media":1891,"comment_status":"closed","ping_status":"closed","sticky":false,"template":"","format":"standard","meta":{"_crdt_document":"","_monsterinsights_skip_tracking":false,"_monsterinsights_sitenote_active":false,"_monsterinsights_sitenote_note":"","_monsterinsights_sitenote_category":0,"footnotes":""},"categories":[34],"tags":[],"class_list":{"0":"post-1889","1":"post","2":"type-post","3":"status-publish","4":"format-standard","5":"has-post-thumbnail","6":"hentry","7":"category-musica-nueva","9":"post-with-thumbnail","10":"post-with-thumbnail-large"},"aioseo_notices":[],"_links":{"self":[{"href":"https:\/\/radiocristianaenlinea.com\/radiocristiana\/wp-json\/wp\/v2\/posts\/1889","targetHints":{"allow":["GET"]}}],"collection":[{"href":"https:\/\/radiocristianaenlinea.com\/radiocristiana\/wp-json\/wp\/v2\/posts"}],"about":[{"href":"https:\/\/radiocristianaenlinea.com\/radiocristiana\/wp-json\/wp\/v2\/types\/post"}],"author":[{"embeddable":true,"href":"https:\/\/radiocristianaenlinea.com\/radiocristiana\/wp-json\/wp\/v2\/users\/1"}],"replies":[{"embeddable":true,"href":"https:\/\/radiocristianaenlinea.com\/radiocristiana\/wp-json\/wp\/v2\/comments?post=1889"}],"version-history":[{"count":3,"href":"https:\/\/radiocristianaenlinea.com\/radiocristiana\/wp-json\/wp\/v2\/posts\/1889\/revisions"}],"predecessor-version":[{"id":1900,"href":"https:\/\/radiocristianaenlinea.com\/radiocristiana\/wp-json\/wp\/v2\/posts\/1889\/revisions\/1900"}],"wp:featuredmedia":[{"embeddable":true,"href":"https:\/\/radiocristianaenlinea.com\/radiocristiana\/wp-json\/wp\/v2\/media\/1891"}],"wp:attachment":[{"href":"https:\/\/radiocristianaenlinea.com\/radiocristiana\/wp-json\/wp\/v2\/media?parent=1889"}],"wp:term":[{"taxonomy":"category","embeddable":true,"href":"https:\/\/radiocristianaenlinea.com\/radiocristiana\/wp-json\/wp\/v2\/categories?post=1889"},{"taxonomy":"post_tag","embeddable":true,"href":"https:\/\/radiocristianaenlinea.com\/radiocristiana\/wp-json\/wp\/v2\/tags?post=1889"}],"curies":[{"name":"wp","href":"https:\/\/api.w.org\/{rel}","templated":true}]}}