{"id":1929,"date":"2017-05-17T00:59:51","date_gmt":"2017-05-17T05:59:51","guid":{"rendered":"https:\/\/radiocristianaenlinea.com\/radiocristiana\/?p=1929"},"modified":"2017-05-17T00:59:51","modified_gmt":"2017-05-17T05:59:51","slug":"guarda-tus-fuerzas-para-manana","status":"publish","type":"post","link":"https:\/\/radiocristianaenlinea.com\/radiocristiana\/2017\/05\/17\/guarda-tus-fuerzas-para-manana\/","title":{"rendered":"GUARDA TUS FUERZAS PARA MA\u00d1ANA"},"content":{"rendered":"<p><strong>\u00abAs\u00ed que no se preocupen por el ma\u00f1ana, porque el d\u00eda de ma\u00f1ana traer\u00e1 sus propias preocupaciones. Los problemas del d\u00eda de hoy son suficientes por hoy\u00bb<br \/>\n(Mateo 6:34)<\/strong><\/p>\n<p>Cierto d\u00eda un hombre olvid\u00f3 su mochila en un barco, se desesper\u00f3 tratando de descubrir una manera de recuperar sus pertenencias!.<\/p>\n<p>No hay nada que podamos hacer ahora, le dijo el jefe de la aldea, ma\u00f1ana el barco regresar\u00e1 y el conductor traer\u00e1 la mochila de vuelta!<\/p>\n<p>Y si no la trae?, pregunt\u00f3 ansioso!!<\/p>\n<p>En ese caso, respondi\u00f3 el sabio jefe, guarda tus fuerzas para resolver el problema ma\u00f1ana!<br \/>\n\u201cYo te dije\u201d, \u201cYo sab\u00eda\u201d, \u201cAhora entiendes?\u201d, \u201cCu\u00e1ntas veces te lo dije\u201d y otras expresiones comunes como \u00e9stas, no son ciertamente \u201cbuenas palabras\u201d!!<\/p>\n<p>Todos sabemos muy bien que la ansiedad no soluciona ning\u00fan problema, no sirve de nada, solo causa sufrimiento!! pero como humanos, pasamos horas analizando un problema cuya \u00fanica soluci\u00f3n es el tiempo.<\/p>\n<p>Lamentablemente, el tiempo no est\u00e1 hecho apenas de segundos y minutos, sino tambi\u00e9n de horas y a veces, de meses y a\u00f1os!! <\/p>\n<p>La vida es breve y se va muy r\u00e1pido, pero eso, en vez de llevarnos al pesimismo o a la autocompasi\u00f3n, deber\u00eda conducirnos a Aquel que permanece para siempre!!.<\/p>\n<p>Es precisamente porque los a\u00f1os \u201cpasan pronto\u201d, que debemos construir nuestros sue\u00f1os, planes y realizaciones en la \u00fanica persona que no est\u00e1 limitada ni por el tiempo ni por el espacio!!&#8230; Y ese es Dios!!!.<\/p>\n<p>Amigo!!&#8230; Est\u00e1s enfrentando alg\u00fan problema en este momento?, Tiene que ver con tu matrimonio, con tus hijos, con la situaci\u00f3n de alg\u00fan ser querido, con tus negocios o con tu salud? Despu\u00e9s de poner el problema en las manos de Dios, p\u00eddele que te ayude a ver la diferencia entre luchar para superar las dificultades o preocuparse in\u00fatilmente con algo que, por lo menos hoy, no tiene soluci\u00f3n!!<\/p>\n<p>Si tu problema no puede solucionarse hoy, duerme confiado en las promesas de Dios, y como dijo el sabio hombre:<br \/>\n\u201cGuarda tus fuerzas para solucionar el problema cuando el momento oportuno llegue\u201d.<\/p>\n<p><strong>\u00ab\u00a1Espera en Jehov\u00e1! \u00a1Esfu\u00e9rzate y ali\u00e9ntese tu coraz\u00f3n! \u00a1S\u00ed, espera en Jehov\u00e1!\u00bb<br \/>\n(Salmo 27:14)<\/strong><\/p>\n<p>DIOS LOS BENDIGA A TODOS!!<br \/>\nJon Alvarado<\/p>\n","protected":false},"excerpt":{"rendered":"<p>\u00abAs\u00ed que no se preocupen por el ma\u00f1ana, porque el d\u00eda de ma\u00f1ana traer\u00e1 sus propias preocupaciones. Los problemas del d\u00eda de hoy son suficientes por hoy\u00bb (Mateo 6:34) Cierto d\u00eda un hombre olvid\u00f3 su mochila en un barco, se desesper\u00f3 tratando de descubrir una manera de recuperar sus pertenencias!. No hay nada que podamos [&hellip;]<\/p>\n","protected":false},"author":1,"featured_media":1930,"comment_status":"closed","ping_status":"closed","sticky":false,"template":"","format":"standard","meta":{"_crdt_document":"","_monsterinsights_skip_tracking":false,"_monsterinsights_sitenote_active":false,"_monsterinsights_sitenote_note":"","_monsterinsights_sitenote_category":0,"footnotes":""},"categories":[35],"tags":[],"class_list":{"0":"post-1929","1":"post","2":"type-post","3":"status-publish","4":"format-standard","5":"has-post-thumbnail","6":"hentry","7":"category-jon-alvarado","9":"post-with-thumbnail","10":"post-with-thumbnail-large"},"aioseo_notices":[],"_links":{"self":[{"href":"https:\/\/radiocristianaenlinea.com\/radiocristiana\/wp-json\/wp\/v2\/posts\/1929","targetHints":{"allow":["GET"]}}],"collection":[{"href":"https:\/\/radiocristianaenlinea.com\/radiocristiana\/wp-json\/wp\/v2\/posts"}],"about":[{"href":"https:\/\/radiocristianaenlinea.com\/radiocristiana\/wp-json\/wp\/v2\/types\/post"}],"author":[{"embeddable":true,"href":"https:\/\/radiocristianaenlinea.com\/radiocristiana\/wp-json\/wp\/v2\/users\/1"}],"replies":[{"embeddable":true,"href":"https:\/\/radiocristianaenlinea.com\/radiocristiana\/wp-json\/wp\/v2\/comments?post=1929"}],"version-history":[{"count":1,"href":"https:\/\/radiocristianaenlinea.com\/radiocristiana\/wp-json\/wp\/v2\/posts\/1929\/revisions"}],"predecessor-version":[{"id":1931,"href":"https:\/\/radiocristianaenlinea.com\/radiocristiana\/wp-json\/wp\/v2\/posts\/1929\/revisions\/1931"}],"wp:featuredmedia":[{"embeddable":true,"href":"https:\/\/radiocristianaenlinea.com\/radiocristiana\/wp-json\/wp\/v2\/media\/1930"}],"wp:attachment":[{"href":"https:\/\/radiocristianaenlinea.com\/radiocristiana\/wp-json\/wp\/v2\/media?parent=1929"}],"wp:term":[{"taxonomy":"category","embeddable":true,"href":"https:\/\/radiocristianaenlinea.com\/radiocristiana\/wp-json\/wp\/v2\/categories?post=1929"},{"taxonomy":"post_tag","embeddable":true,"href":"https:\/\/radiocristianaenlinea.com\/radiocristiana\/wp-json\/wp\/v2\/tags?post=1929"}],"curies":[{"name":"wp","href":"https:\/\/api.w.org\/{rel}","templated":true}]}}