{"id":1932,"date":"2017-05-19T06:50:01","date_gmt":"2017-05-19T11:50:01","guid":{"rendered":"https:\/\/radiocristianaenlinea.com\/radiocristiana\/?p=1932"},"modified":"2017-05-19T06:50:01","modified_gmt":"2017-05-19T11:50:01","slug":"sube-la-montana","status":"publish","type":"post","link":"https:\/\/radiocristianaenlinea.com\/radiocristiana\/2017\/05\/19\/sube-la-montana\/","title":{"rendered":"SUBE LA MONTA\u00d1A"},"content":{"rendered":"<p><strong>\u201cBienaventurado el hombre que tiene en ti sus fuerzas, en cuyo coraz\u00f3n est\u00e1n tus caminos. Atravesando el valle de l\u00e1grimas lo cambian en fuente, cuando la lluvia llena los estanques. Ir\u00e1n de poder en poder; Ver\u00e1n a Dios en Sion.\u201d<br \/>\n(Salmos 84:5-7)<\/strong><\/p>\n<p>Cada ma\u00f1ana, nos levantamos con nuevas fuerzas, pero durante el transcurso del d\u00eda, llegamos a sentirnos agotados, por el trabajo, las responsabilidades con la familia, las tareas que tenemos que realizar y podr\u00edamos decir: hay tanto en que pensar, cuentas que pagar, proyectos que empezar, amigos que visitar, en medio de todo esto no vemos la hora de tener un tiempo de descanso!!<\/p>\n<p>Pero no solamente dependemos de la fuerza del cuerpo, sino de algo en nuestro interior que hace que podamos sentirnos renovados a pesar del cansancio f\u00edsico, ese \u201calgo\u201d es Dios mismo que a trav\u00e9s de su Santo Esp\u00edritu habita en nuestros corazones!!<\/p>\n<p>Subir una monta\u00f1a solo y a pie es mucho m\u00e1s dif\u00edcil que hacerlo con compa\u00f1\u00eda y en un veh\u00edculo, de igual manera es imprescindible en nuestra vida la presencia del Esp\u00edritu Santo porque \u00c9l es nuestra fuerza!!<\/p>\n<p><strong>\u201cY de igual manera el Esp\u00edritu nos ayuda en nuestra debilidad; pues qu\u00e9 hemos de pedir como conviene, no lo sabemos, pero el Esp\u00edritu mismo intercede por nosotros con gemidos indecibles. Mas el que escudri\u00f1a los corazones sabe cu\u00e1l es la intenci\u00f3n del Esp\u00edritu, porque conforme a la voluntad de Dios intercede por los santos. \u201c<br \/>\n(Romanos 8:26-27)<\/strong><\/p>\n<p>Es un hecho que cuando nuestras fuerzas provienen de Dios, a\u00fan las situaciones dif\u00edciles se llegan a transformar en bendiciones!!<\/p>\n<p>Amigo!.. probablemente te sientas cansado y sin fuerzas para subir la monta\u00f1a y avanzar, o tal vez, te encuentras sentado a mitad de camino sin saber si seguir o darte por vencido!! Hoy te animo nuevamente!!&#8230; retoma fuerzas en Dios y continua creyendo que el valle de l\u00e1grimas se volver\u00e1 en fuente de poder!!, hoy puedes decir con todas tus fuerzas: En ti est\u00e1 mi fuerza Jes\u00fas!!.<\/p>\n<p><strong>\u201cPor esta raz\u00f3n, te recuerdo que avives el fuego del don espiritual que Dios te dio cuando te impuse mis manos. Pues Dios no nos ha dado un esp\u00edritu de temor y timidez sino de poder, amor y autodisciplina.\u201d<br \/>\n(2 Timoteo 1:6-7)<\/strong><\/p>\n<p>DIOS LOS BENDIGA A TODOS!!<br \/>\nJon Alvarado<\/p>\n","protected":false},"excerpt":{"rendered":"<p>\u201cBienaventurado el hombre que tiene en ti sus fuerzas, en cuyo coraz\u00f3n est\u00e1n tus caminos. Atravesando el valle de l\u00e1grimas lo cambian en fuente, cuando la lluvia llena los estanques. Ir\u00e1n de poder en poder; Ver\u00e1n a Dios en Sion.\u201d (Salmos 84:5-7) Cada ma\u00f1ana, nos levantamos con nuevas fuerzas, pero durante el transcurso del d\u00eda, [&hellip;]<\/p>\n","protected":false},"author":1,"featured_media":1933,"comment_status":"closed","ping_status":"closed","sticky":false,"template":"","format":"standard","meta":{"_crdt_document":"","_monsterinsights_skip_tracking":false,"_monsterinsights_sitenote_active":false,"_monsterinsights_sitenote_note":"","_monsterinsights_sitenote_category":0,"footnotes":""},"categories":[35],"tags":[],"class_list":{"0":"post-1932","1":"post","2":"type-post","3":"status-publish","4":"format-standard","5":"has-post-thumbnail","6":"hentry","7":"category-jon-alvarado","9":"post-with-thumbnail","10":"post-with-thumbnail-large"},"aioseo_notices":[],"_links":{"self":[{"href":"https:\/\/radiocristianaenlinea.com\/radiocristiana\/wp-json\/wp\/v2\/posts\/1932","targetHints":{"allow":["GET"]}}],"collection":[{"href":"https:\/\/radiocristianaenlinea.com\/radiocristiana\/wp-json\/wp\/v2\/posts"}],"about":[{"href":"https:\/\/radiocristianaenlinea.com\/radiocristiana\/wp-json\/wp\/v2\/types\/post"}],"author":[{"embeddable":true,"href":"https:\/\/radiocristianaenlinea.com\/radiocristiana\/wp-json\/wp\/v2\/users\/1"}],"replies":[{"embeddable":true,"href":"https:\/\/radiocristianaenlinea.com\/radiocristiana\/wp-json\/wp\/v2\/comments?post=1932"}],"version-history":[{"count":1,"href":"https:\/\/radiocristianaenlinea.com\/radiocristiana\/wp-json\/wp\/v2\/posts\/1932\/revisions"}],"predecessor-version":[{"id":1934,"href":"https:\/\/radiocristianaenlinea.com\/radiocristiana\/wp-json\/wp\/v2\/posts\/1932\/revisions\/1934"}],"wp:featuredmedia":[{"embeddable":true,"href":"https:\/\/radiocristianaenlinea.com\/radiocristiana\/wp-json\/wp\/v2\/media\/1933"}],"wp:attachment":[{"href":"https:\/\/radiocristianaenlinea.com\/radiocristiana\/wp-json\/wp\/v2\/media?parent=1932"}],"wp:term":[{"taxonomy":"category","embeddable":true,"href":"https:\/\/radiocristianaenlinea.com\/radiocristiana\/wp-json\/wp\/v2\/categories?post=1932"},{"taxonomy":"post_tag","embeddable":true,"href":"https:\/\/radiocristianaenlinea.com\/radiocristiana\/wp-json\/wp\/v2\/tags?post=1932"}],"curies":[{"name":"wp","href":"https:\/\/api.w.org\/{rel}","templated":true}]}}