{"id":1938,"date":"2017-05-20T12:30:05","date_gmt":"2017-05-20T17:30:05","guid":{"rendered":"https:\/\/radiocristianaenlinea.com\/radiocristiana\/?p=1938"},"modified":"2017-05-20T12:38:35","modified_gmt":"2017-05-20T17:38:35","slug":"cuando-las-estrellas-no-brillan","status":"publish","type":"post","link":"https:\/\/radiocristianaenlinea.com\/radiocristiana\/2017\/05\/20\/cuando-las-estrellas-no-brillan\/","title":{"rendered":"CUANDO LAS ESTRELLAS NO BRILLAN"},"content":{"rendered":"<p>En alguna ocasi\u00f3n tuve la oportunidad de hablar con una persona en el transporte al dirigirme hacia el trabajo y result\u00f3 que toda su familia asist\u00eda a una iglesia cristiana menos el!!. Me dej\u00f3 sorprendido saber que \u00e9l no quer\u00eda ser cristiano por la actitud de muchos que se hacen llamar as\u00ed!, as\u00ed que escuch\u00e9 su argumento&#8230;<\/p>\n<p>Este hombre conoc\u00eda el caso de un joven cristiano, que estaba de novio y al cabo de un tiempo, embarazo a su novia! ????? y al enterarse de esto, \u00e9l dej\u00f3 en claro que no quer\u00eda asumir su responsabilidad de padre y as\u00ed lo hizo!!, lo raro de este asunto es que el chico continu\u00f3 su misma rutina en la iglesia, como si nada hubiera pasado!!<\/p>\n<p><strong>\u201cUstedes son la luz del mundo, como una ciudad en lo alto de una colina que no puede esconderse. Nadie enciende una l\u00e1mpara y luego la pone debajo de una canasta. En cambio, la coloca en un lugar alto donde ilumina a todos los que est\u00e1n en la casa. De la misma manera, dejen que sus buenas acciones brillen a la vista de todos, para que todos alaben a su Padre celestial.\u201d<br \/>\n(Mateo 5:14-16)<\/strong><\/p>\n<p>Es un hecho irrefutable que tenemos que ser la luz para un mundo que se encuentra en oscuridad y brillar con nuestras actitudes como lo dice la Biblia, para que las personas que nos vean puedan bendecir a Dios y no maldecirlo!! Pues si decimos ser \u201cCristianos\u00bb y nuestra conducta no va de acuerdo con la Palabra de Dios, no s\u00f3lo quedamos como hip\u00f3critas, sino que adem\u00e1s hacemos quedar mal a Cristo!!??<\/p>\n<p>Recuerda que el t\u00e9rmino \u201cCristiano\u201d significa \u201cPeque\u00f1o Cristo\u201d y es nuestra responsabilidad ser como El!!<br \/>\nJes\u00fas dijo:<br \/>\n\u201cSi sois tropiezo a uno de estos peque\u00f1itos, mejor le fuera que se colgase una piedra de molino y se arrojase en lo profundo del mar\u201d. (Mateo 18:6)<br \/>\nMahatma Gandhi, un gran hombre, que luch\u00f3 contra el dominio brit\u00e1nico en la India, al leer los evangelios, se maravill\u00f3 de Cristo, al punto que pens\u00f3 seriamente en bautizarse y hacerse miembro de una iglesia cristiana!!<br \/>\nEl pensaba que en el cristianismo estaba la soluci\u00f3n a los prejuicios raciales y a las diferencias de castas que tanto afectaban en la India y en Sud\u00e1frica.!!<br \/>\nPero un domingo por la ma\u00f1ana, Gandhi fue a una iglesia, cuando entr\u00f3 al templo, la comisi\u00f3n de recepci\u00f3n se neg\u00f3 a proporcionarle un asiento, y le sugiri\u00f3 que fuera a una iglesia de negros!!<br \/>\nGandhi sali\u00f3 de aquel templo con la \u00edntima intenci\u00f3n de no volver m\u00e1s, porque all\u00ed tambi\u00e9n hab\u00eda encontrado el problema del racismo!!.<\/p>\n<p>Hasta donde sabemos, nunca dio el paso final para convertirse en cristiano, pero en su momento \u00e9l hab\u00eda dicho: \u00abYo ser\u00eda cristiano, si no fuera por los mismos \u00abcristianos\u00bb.<\/p>\n<p>Una decisi\u00f3n muy similar a la de la persona que charl\u00f3 conmigo en el transporte!<\/p>\n<p><strong>\u201cOtra vez Jes\u00fas les habl\u00f3, diciendo: Yo soy la luz del mundo; el que me sigue, no andar\u00e1 en tinieblas, sino que tendr\u00e1 la luz de la vida.\u201d<br \/>\n(Juan 8:12)<\/strong><\/p>\n<p>Amigos!!&#8230; Jes\u00fas es Luz!! y cuando se fue nos dej\u00f3 esta responsabilidad!! Reflexionemos!!, Lo estamos cumpliendo?, estamos brillando?, C\u00f3mo son nuestras actitudes en casa, trabajo, escuela, Universidad o a\u00fan en la Iglesia donde asistimos?&#8230; Es triste ver tanta oscuridad, pero es m\u00e1s triste ver cristianos que forman parte de ella!! Si por alg\u00fan motivo has formado parte de algo as\u00ed&#8230; pide perd\u00f3n a Dios y toma la decisi\u00f3n ahora mismo de no esconder mas tu luz amigo!! El mundo la necesita!! habla de Cristo!!!<\/p>\n<p>As\u00ed como las estrellas est\u00e1n para brillar, \u00a1Proponte a ser luz en medio de tanta oscuridad!<br \/>\nDIOS LOS BENDIGA A TODOS Y QUE TENGAN UN EXCELENTE FIN DE SEMANA!!<\/p>\n<p>Jon Alvarado<\/p>\n","protected":false},"excerpt":{"rendered":"<p>En alguna ocasi\u00f3n tuve la oportunidad de hablar con una persona en el transporte al dirigirme hacia el trabajo y result\u00f3 que toda su familia asist\u00eda a una iglesia cristiana menos el!!. Me dej\u00f3 sorprendido saber que \u00e9l no quer\u00eda ser cristiano por la actitud de muchos que se hacen llamar as\u00ed!, as\u00ed que escuch\u00e9 [&hellip;]<\/p>\n","protected":false},"author":1,"featured_media":1939,"comment_status":"closed","ping_status":"closed","sticky":false,"template":"","format":"standard","meta":{"_crdt_document":"","_monsterinsights_skip_tracking":false,"_monsterinsights_sitenote_active":false,"_monsterinsights_sitenote_note":"","_monsterinsights_sitenote_category":0,"footnotes":""},"categories":[35],"tags":[],"class_list":{"0":"post-1938","1":"post","2":"type-post","3":"status-publish","4":"format-standard","5":"has-post-thumbnail","6":"hentry","7":"category-jon-alvarado","9":"post-with-thumbnail","10":"post-with-thumbnail-large"},"aioseo_notices":[],"_links":{"self":[{"href":"https:\/\/radiocristianaenlinea.com\/radiocristiana\/wp-json\/wp\/v2\/posts\/1938","targetHints":{"allow":["GET"]}}],"collection":[{"href":"https:\/\/radiocristianaenlinea.com\/radiocristiana\/wp-json\/wp\/v2\/posts"}],"about":[{"href":"https:\/\/radiocristianaenlinea.com\/radiocristiana\/wp-json\/wp\/v2\/types\/post"}],"author":[{"embeddable":true,"href":"https:\/\/radiocristianaenlinea.com\/radiocristiana\/wp-json\/wp\/v2\/users\/1"}],"replies":[{"embeddable":true,"href":"https:\/\/radiocristianaenlinea.com\/radiocristiana\/wp-json\/wp\/v2\/comments?post=1938"}],"version-history":[{"count":2,"href":"https:\/\/radiocristianaenlinea.com\/radiocristiana\/wp-json\/wp\/v2\/posts\/1938\/revisions"}],"predecessor-version":[{"id":1941,"href":"https:\/\/radiocristianaenlinea.com\/radiocristiana\/wp-json\/wp\/v2\/posts\/1938\/revisions\/1941"}],"wp:featuredmedia":[{"embeddable":true,"href":"https:\/\/radiocristianaenlinea.com\/radiocristiana\/wp-json\/wp\/v2\/media\/1939"}],"wp:attachment":[{"href":"https:\/\/radiocristianaenlinea.com\/radiocristiana\/wp-json\/wp\/v2\/media?parent=1938"}],"wp:term":[{"taxonomy":"category","embeddable":true,"href":"https:\/\/radiocristianaenlinea.com\/radiocristiana\/wp-json\/wp\/v2\/categories?post=1938"},{"taxonomy":"post_tag","embeddable":true,"href":"https:\/\/radiocristianaenlinea.com\/radiocristiana\/wp-json\/wp\/v2\/tags?post=1938"}],"curies":[{"name":"wp","href":"https:\/\/api.w.org\/{rel}","templated":true}]}}