{"id":1953,"date":"2017-05-22T13:19:10","date_gmt":"2017-05-22T18:19:10","guid":{"rendered":"https:\/\/radiocristianaenlinea.com\/radiocristiana\/?p=1953"},"modified":"2017-05-22T13:19:10","modified_gmt":"2017-05-22T18:19:10","slug":"las-palabras-se-las-lleva-el-viento","status":"publish","type":"post","link":"https:\/\/radiocristianaenlinea.com\/radiocristiana\/2017\/05\/22\/las-palabras-se-las-lleva-el-viento\/","title":{"rendered":"\u00bfLAS PALABRAS, SE LAS LLEVA EL VIENTO?"},"content":{"rendered":"<p><strong>\u00abTe has enredado con las palabras de tu boca y has quedado atrapado en los dichos de tus labios\u00bb.<br \/>\n(Proverbios 6:2)<\/strong><\/p>\n<p>Hab\u00eda una vez un hombre que calumni\u00f3 grandemente a un amigo suyo, todo por la envidia que le tuvo al ver el \u00e9xito que \u00e9ste hab\u00eda alcanzado!!.<\/p>\n<p>Tiempo despu\u00e9s se arrepinti\u00f3 de la ruina que trajo con sus calumnias a su amigo, y visit\u00f3 a un hombre muy sabio a quien le dijo: \u00abQuiero arreglar todo el mal que hice a mi amigo!! \u00bfC\u00f3mo puedo hacerlo?\u00bb, a lo que el hombre respondi\u00f3: \u00abToma un saco lleno de plumas ligeras y peque\u00f1as y su\u00e9ltalas donde vayas\u00bb<\/p>\n<p>El hombre muy contento al ver que era tan f\u00e1cil, tom\u00f3 el saco lleno de plumas y al cabo de un d\u00eda las hab\u00eda soltado todas!<\/p>\n<p>Volvi\u00f3 con el sabio y le dijo: \u00abYa he terminado\u00bb, a lo que el sabio contest\u00f3: \u00abEsa es la parte m\u00e1s f\u00e1cil!!&#8230; ahora debes volver a llenar el saco con las mismas plumas que soltaste!!&#8230; Sal a la calle y b\u00fascalas!!\u00bb.<\/p>\n<p>El hombre se sinti\u00f3 muy triste, pues sab\u00eda lo que eso significaba y no pudo juntar casi ninguna!!&#8230;<\/p>\n<p>Al volver, el hombre sabio le dijo: \u00abAs\u00ed como no pudiste juntar de nuevo las plumas que volaron con el viento, as\u00ed mismo el mal que hiciste vol\u00f3 de boca en boca y el da\u00f1o ya est\u00e1 hecho!!&#8230; Lo \u00fanico que puedes hacer es pedirle perd\u00f3n a tu amigo, pues no hay forma de revertir lo que hiciste!!.<\/p>\n<p>Amigos!!&#8230; Somos muchas las personas que en alg\u00fan momento de nuestras vidas, hemos hecho comentarios negativos de nuestros amigos, compa\u00f1eros de la escuela, trabajo o incluso de nuestros propios familiares!!. <\/p>\n<p>Pero este es el mejor d\u00eda para pedirle perd\u00f3n a Dios por el mal que hicimos y empezar a cuidar nuestras palabras!!, porque ellas pueden dar esperanza y aliviar una carga pero tambi\u00e9n pueden ser crueles y causar mucho dolor!!<\/p>\n<p>Pidamos cada ma\u00f1ana a Dios que tome control de nuestros pensamientos y sentimientos, de modo que cada palabra que salga de nuestros labios sea de edificaci\u00f3n para las personas que nos rodean!! Y traigan bendici\u00f3n donde quiera que vayamos!!<\/p>\n<p>Tengamos presente que cometer errores es de humanos, pero de sabios pedir perd\u00f3n!!<\/p>\n<p><strong>\u00abPero yo os digo que de toda palabra ociosa que hablen los hombres, de ella dar\u00e1n cuenta en el d\u00eda del juicio\u00bb.<br \/>\n(Mateo 12:36)<\/strong><\/p>\n<p>DIOS LOS BENDIGA A TODOS Y QUE TENGAN UN EXCELENTE INICIO DE SEMANA!!<br \/>\nJon Alvarado<\/p>\n","protected":false},"excerpt":{"rendered":"<p>\u00abTe has enredado con las palabras de tu boca y has quedado atrapado en los dichos de tus labios\u00bb. (Proverbios 6:2) Hab\u00eda una vez un hombre que calumni\u00f3 grandemente a un amigo suyo, todo por la envidia que le tuvo al ver el \u00e9xito que \u00e9ste hab\u00eda alcanzado!!. Tiempo despu\u00e9s se arrepinti\u00f3 de la ruina [&hellip;]<\/p>\n","protected":false},"author":1,"featured_media":1954,"comment_status":"closed","ping_status":"closed","sticky":false,"template":"","format":"standard","meta":{"_crdt_document":"","_monsterinsights_skip_tracking":false,"_monsterinsights_sitenote_active":false,"_monsterinsights_sitenote_note":"","_monsterinsights_sitenote_category":0,"footnotes":""},"categories":[35],"tags":[],"class_list":{"0":"post-1953","1":"post","2":"type-post","3":"status-publish","4":"format-standard","5":"has-post-thumbnail","6":"hentry","7":"category-jon-alvarado","9":"post-with-thumbnail","10":"post-with-thumbnail-large"},"aioseo_notices":[],"_links":{"self":[{"href":"https:\/\/radiocristianaenlinea.com\/radiocristiana\/wp-json\/wp\/v2\/posts\/1953","targetHints":{"allow":["GET"]}}],"collection":[{"href":"https:\/\/radiocristianaenlinea.com\/radiocristiana\/wp-json\/wp\/v2\/posts"}],"about":[{"href":"https:\/\/radiocristianaenlinea.com\/radiocristiana\/wp-json\/wp\/v2\/types\/post"}],"author":[{"embeddable":true,"href":"https:\/\/radiocristianaenlinea.com\/radiocristiana\/wp-json\/wp\/v2\/users\/1"}],"replies":[{"embeddable":true,"href":"https:\/\/radiocristianaenlinea.com\/radiocristiana\/wp-json\/wp\/v2\/comments?post=1953"}],"version-history":[{"count":1,"href":"https:\/\/radiocristianaenlinea.com\/radiocristiana\/wp-json\/wp\/v2\/posts\/1953\/revisions"}],"predecessor-version":[{"id":1955,"href":"https:\/\/radiocristianaenlinea.com\/radiocristiana\/wp-json\/wp\/v2\/posts\/1953\/revisions\/1955"}],"wp:featuredmedia":[{"embeddable":true,"href":"https:\/\/radiocristianaenlinea.com\/radiocristiana\/wp-json\/wp\/v2\/media\/1954"}],"wp:attachment":[{"href":"https:\/\/radiocristianaenlinea.com\/radiocristiana\/wp-json\/wp\/v2\/media?parent=1953"}],"wp:term":[{"taxonomy":"category","embeddable":true,"href":"https:\/\/radiocristianaenlinea.com\/radiocristiana\/wp-json\/wp\/v2\/categories?post=1953"},{"taxonomy":"post_tag","embeddable":true,"href":"https:\/\/radiocristianaenlinea.com\/radiocristiana\/wp-json\/wp\/v2\/tags?post=1953"}],"curies":[{"name":"wp","href":"https:\/\/api.w.org\/{rel}","templated":true}]}}