{"id":1982,"date":"2017-05-26T14:41:35","date_gmt":"2017-05-26T19:41:35","guid":{"rendered":"https:\/\/radiocristianaenlinea.com\/radiocristiana\/?p=1982"},"modified":"2017-05-26T14:41:35","modified_gmt":"2017-05-26T19:41:35","slug":"quien-es-el-enemigo","status":"publish","type":"post","link":"https:\/\/radiocristianaenlinea.com\/radiocristiana\/2017\/05\/26\/quien-es-el-enemigo\/","title":{"rendered":"\u00bfQUI\u00c9N ES EL ENEMIGO?"},"content":{"rendered":"<p>Te has dado cuenta que hoy en d\u00eda cuesta mucho trabajo hacer m\u00e1s lo bueno que lo malo?, Pablo confes\u00f3 que su primer enemigo con el que ten\u00eda que luchar cada d\u00eda no era con el diablo, era con \u00e9l mismo!! Nuestro primer enemigo, no es nuestro esposo(a), no son los suegros o aquellos que se esmeran en hacernos el mal, sino que desde que nos levantamos&#8230; Somos nosotros mismos a quienes tenemos que vencer!!<\/p>\n<p><strong>\u201cPorque yo s\u00e9 que en m\u00ed, es decir, en mi carne, no habita nada bueno; porque el querer est\u00e1 presente en m\u00ed, pero el hacer el bien, no. Pues no hago el bien que deseo, sino que el mal que no quiero, eso practico. Y si lo que no quiero hacer, eso hago, ya no soy yo el que lo hace, sino el pecado que habita en m\u00ed. As\u00ed que, queriendo yo hacer el bien, hallo la ley de que el mal est\u00e1 presente en m\u00ed.\u201d<br \/>\n(Romanos 7:18-21)<\/strong><\/p>\n<p>Aunque Pablo era un gran hombre ten\u00eda una lucha en su interior, entre su esp\u00edritu y su carne, ten\u00eda debilidades que vencer!! Lo que Pablo entendi\u00f3 es que Jes\u00fas pag\u00f3 un precio muy alto para que sea libre de esa debilidad, para que sea fuerte, y s\u00f3lo con \u00c9l tendr\u00eda la fortaleza suficiente para vencer toda tentaci\u00f3n que se le presentara, porque ya no estaba s\u00f3lo&#8230;estaba con Cristo!!!<\/p>\n<p><strong>\u201cCon Cristo estoy juntamente crucificado, y ya no vivo yo, mas vive Cristo en m\u00ed; y lo que ahora vivo en la carne, lo vivo en la fe del Hijo de Dios, el cual me am\u00f3 y se entreg\u00f3 a s\u00ed mismo por m\u00ed.\u201d<br \/>\n(G\u00e1latas 2:20)<\/strong><\/p>\n<p>Si has vuelto a fallar y estas arrepentido, Dios lo sabe!! ya no te alejes de \u00c9l, deja de cargar la culpa porque eso no te dejar\u00e1 correr en paz!! no te ocultes de Dios, porque eso no solucionar\u00e1 tus problemas!! Si has estado fallando, es tiempo de que alimentes tu esp\u00edritu, con oraci\u00f3n y palabras de Dios para que puedas levantarte!!<br \/>\nEn esta ocasi\u00f3n dile a Jesus en una oraci\u00f3n&#8230;<\/p>\n<p>\u201cSe\u00f1or, quiero morir para que t\u00fa puedas crecer, ay\u00fadame a luchar conmigo mismo, ay\u00fadame a menguar para que crezcas tu, a ser menos, para que t\u00fa seas m\u00e1s, quiero rechazar el pecado como t\u00fa lo rechazas, y cada d\u00eda parecerme mas a ti, que las personas puedan ver en mi tu car\u00e1cter y tu naturaleza!, luchare para apartarme del pecado para estar m\u00e1s cerca de Ti, me pongo como el barro en las manos del alfarero\u201d<\/p>\n<p>Amigo!!&#8230; Si todo este tiempo has permitido que tu carne crezca por el pecado, y por eso est\u00e1s d\u00e9bil para obedecer a Dios, en este momento toma una decisi\u00f3n y comprom\u00e9tete a luchar aunque eso implique sacrificio, gana batallas con el Esp\u00edritu de Dios, rechaza el pecado porque eso s\u00f3lo te aleja de \u00c9l y de su bendici\u00f3n, no importa cu\u00e1ntas veces has ca\u00eddo, lo importante es que vuelvas a levantarte!!<\/p>\n<p>Recuerda&#8230;El \u00fanico que puede detenerte ahora, eres t\u00fa mismo!<\/p>\n<p>DIOS LOS BENDIGA A TODOS!!<br \/>\nJon Alvarado<\/p>\n","protected":false},"excerpt":{"rendered":"<p>Te has dado cuenta que hoy en d\u00eda cuesta mucho trabajo hacer m\u00e1s lo bueno que lo malo?, Pablo confes\u00f3 que su primer enemigo con el que ten\u00eda que luchar cada d\u00eda no era con el diablo, era con \u00e9l mismo!! Nuestro primer enemigo, no es nuestro esposo(a), no son los suegros o aquellos que [&hellip;]<\/p>\n","protected":false},"author":1,"featured_media":1983,"comment_status":"closed","ping_status":"closed","sticky":false,"template":"","format":"standard","meta":{"_crdt_document":"","_monsterinsights_skip_tracking":false,"_monsterinsights_sitenote_active":false,"_monsterinsights_sitenote_note":"","_monsterinsights_sitenote_category":0,"footnotes":""},"categories":[35],"tags":[],"class_list":{"0":"post-1982","1":"post","2":"type-post","3":"status-publish","4":"format-standard","5":"has-post-thumbnail","6":"hentry","7":"category-jon-alvarado","9":"post-with-thumbnail","10":"post-with-thumbnail-large"},"aioseo_notices":[],"_links":{"self":[{"href":"https:\/\/radiocristianaenlinea.com\/radiocristiana\/wp-json\/wp\/v2\/posts\/1982","targetHints":{"allow":["GET"]}}],"collection":[{"href":"https:\/\/radiocristianaenlinea.com\/radiocristiana\/wp-json\/wp\/v2\/posts"}],"about":[{"href":"https:\/\/radiocristianaenlinea.com\/radiocristiana\/wp-json\/wp\/v2\/types\/post"}],"author":[{"embeddable":true,"href":"https:\/\/radiocristianaenlinea.com\/radiocristiana\/wp-json\/wp\/v2\/users\/1"}],"replies":[{"embeddable":true,"href":"https:\/\/radiocristianaenlinea.com\/radiocristiana\/wp-json\/wp\/v2\/comments?post=1982"}],"version-history":[{"count":1,"href":"https:\/\/radiocristianaenlinea.com\/radiocristiana\/wp-json\/wp\/v2\/posts\/1982\/revisions"}],"predecessor-version":[{"id":1984,"href":"https:\/\/radiocristianaenlinea.com\/radiocristiana\/wp-json\/wp\/v2\/posts\/1982\/revisions\/1984"}],"wp:featuredmedia":[{"embeddable":true,"href":"https:\/\/radiocristianaenlinea.com\/radiocristiana\/wp-json\/wp\/v2\/media\/1983"}],"wp:attachment":[{"href":"https:\/\/radiocristianaenlinea.com\/radiocristiana\/wp-json\/wp\/v2\/media?parent=1982"}],"wp:term":[{"taxonomy":"category","embeddable":true,"href":"https:\/\/radiocristianaenlinea.com\/radiocristiana\/wp-json\/wp\/v2\/categories?post=1982"},{"taxonomy":"post_tag","embeddable":true,"href":"https:\/\/radiocristianaenlinea.com\/radiocristiana\/wp-json\/wp\/v2\/tags?post=1982"}],"curies":[{"name":"wp","href":"https:\/\/api.w.org\/{rel}","templated":true}]}}