{"id":1987,"date":"2017-05-27T00:55:01","date_gmt":"2017-05-27T05:55:01","guid":{"rendered":"https:\/\/radiocristianaenlinea.com\/radiocristiana\/?p=1987"},"modified":"2017-05-27T00:55:01","modified_gmt":"2017-05-27T05:55:01","slug":"tu-plan-fue-las-alla","status":"publish","type":"post","link":"https:\/\/radiocristianaenlinea.com\/radiocristiana\/2017\/05\/27\/tu-plan-fue-las-alla\/","title":{"rendered":"TU PLAN FUE LAS ALL\u00c1!"},"content":{"rendered":"<p>El primer cap\u00edtulo de Juan empieza habl\u00e1ndonos que Jes\u00fas era la luz del mundo, luz que tra\u00eda esperanza y vida!, y aqu\u00ed, colgado de la Cruz, mientras agoniza por su vida, vemos que esa luz se apaga y la tierra se ve conquistada por una terrible oscuridad!!<\/p>\n<p>Lo impensable sucede!! Jes\u00fas, el gran maestro, el hacedor de milagros, colgado de una cruz y ni siquiera intent\u00f3 defenderse!! Qu\u00e9 estaba sucediendo?, Te imaginas a sus disc\u00edpulos, a su madre Mar\u00eda y a todos aquellos que sab\u00edan que su poder era infinito? Te imaginas lo que estaban pensando aquellos que hab\u00edan contemplado la resurrecci\u00f3n de L\u00e1zaro por la autoridad de la voz de Jes\u00fas?, C\u00f3mo pod\u00eda ser posible!!!, por qu\u00e9 no se defend\u00eda??<\/p>\n<p>La respuesta es sencilla&#8230; El cielo ten\u00eda un plan diferente!! Dios mismo estaba dispuesto a alterar su esencia para salvarnos!! Esto realmente me estremece!! Porque Dios, que es inseparable en su esencia, se rompe para darnos la bienvenida a nosotros!! En medio de una sociedad que no hace m\u00e1s que cerrar puertas, fronteras y corazones!!, Jes\u00fas revoluciona el mundo y dice: \u201cquien quiera puede venir, mis brazos est\u00e1n abiertos\u201d.<\/p>\n<p>Jes\u00fas fue rechazado para que nosotros fu\u00e9ramos aceptados!!<\/p>\n<p>No fue s\u00f3lo con esa frase que vemos que Dios nos acept\u00f3, sino con la ruptura de la cortina del templo!!&#8230; Ya no hac\u00edan falta separaciones o intermediarios entre el hombre y Dios!!!<\/p>\n<p>Amigo!!&#8230; Sea lo que sea que creas que hoy te est\u00e1 separando del Amor de Dios&#8230; recuerda este d\u00eda y lo que significa!!.<\/p>\n<p>Por la muerte de Jes\u00fas ahora tenemos vida, aceptaci\u00f3n y perd\u00f3n!! Ya nada nos puede separar!!<br \/>\nNo existe nada m\u00e1s maravilloso que experimentar en el coraz\u00f3n ese perd\u00f3n y amor inigualables que Jes\u00fas nos ofrece hoy!!<\/p>\n<p>Ya no esperes m\u00e1s!! El ya pago por tus pecados y ha clavado tu maldad en esa Cruz!!<\/p>\n<p>Gracias Jes\u00fas!! desde lo m\u00e1s profundo de nuestro coraz\u00f3n!!<\/p>\n<p>DIOS LOS BENDIGA A TODOS!<br \/>\nJon Alvarado<\/p>\n","protected":false},"excerpt":{"rendered":"<p>El primer cap\u00edtulo de Juan empieza habl\u00e1ndonos que Jes\u00fas era la luz del mundo, luz que tra\u00eda esperanza y vida!, y aqu\u00ed, colgado de la Cruz, mientras agoniza por su vida, vemos que esa luz se apaga y la tierra se ve conquistada por una terrible oscuridad!! Lo impensable sucede!! Jes\u00fas, el gran maestro, el [&hellip;]<\/p>\n","protected":false},"author":1,"featured_media":1988,"comment_status":"closed","ping_status":"closed","sticky":false,"template":"","format":"standard","meta":{"_crdt_document":"","_monsterinsights_skip_tracking":false,"_monsterinsights_sitenote_active":false,"_monsterinsights_sitenote_note":"","_monsterinsights_sitenote_category":0,"footnotes":""},"categories":[35],"tags":[],"class_list":{"0":"post-1987","1":"post","2":"type-post","3":"status-publish","4":"format-standard","5":"has-post-thumbnail","6":"hentry","7":"category-jon-alvarado","9":"post-with-thumbnail","10":"post-with-thumbnail-large"},"aioseo_notices":[],"_links":{"self":[{"href":"https:\/\/radiocristianaenlinea.com\/radiocristiana\/wp-json\/wp\/v2\/posts\/1987","targetHints":{"allow":["GET"]}}],"collection":[{"href":"https:\/\/radiocristianaenlinea.com\/radiocristiana\/wp-json\/wp\/v2\/posts"}],"about":[{"href":"https:\/\/radiocristianaenlinea.com\/radiocristiana\/wp-json\/wp\/v2\/types\/post"}],"author":[{"embeddable":true,"href":"https:\/\/radiocristianaenlinea.com\/radiocristiana\/wp-json\/wp\/v2\/users\/1"}],"replies":[{"embeddable":true,"href":"https:\/\/radiocristianaenlinea.com\/radiocristiana\/wp-json\/wp\/v2\/comments?post=1987"}],"version-history":[{"count":1,"href":"https:\/\/radiocristianaenlinea.com\/radiocristiana\/wp-json\/wp\/v2\/posts\/1987\/revisions"}],"predecessor-version":[{"id":1989,"href":"https:\/\/radiocristianaenlinea.com\/radiocristiana\/wp-json\/wp\/v2\/posts\/1987\/revisions\/1989"}],"wp:featuredmedia":[{"embeddable":true,"href":"https:\/\/radiocristianaenlinea.com\/radiocristiana\/wp-json\/wp\/v2\/media\/1988"}],"wp:attachment":[{"href":"https:\/\/radiocristianaenlinea.com\/radiocristiana\/wp-json\/wp\/v2\/media?parent=1987"}],"wp:term":[{"taxonomy":"category","embeddable":true,"href":"https:\/\/radiocristianaenlinea.com\/radiocristiana\/wp-json\/wp\/v2\/categories?post=1987"},{"taxonomy":"post_tag","embeddable":true,"href":"https:\/\/radiocristianaenlinea.com\/radiocristiana\/wp-json\/wp\/v2\/tags?post=1987"}],"curies":[{"name":"wp","href":"https:\/\/api.w.org\/{rel}","templated":true}]}}