{"id":1993,"date":"2017-05-29T19:11:09","date_gmt":"2017-05-30T00:11:09","guid":{"rendered":"https:\/\/radiocristianaenlinea.com\/radiocristiana\/?p=1993"},"modified":"2017-05-30T16:13:20","modified_gmt":"2017-05-30T21:13:20","slug":"no-me-subestime","status":"publish","type":"post","link":"https:\/\/radiocristianaenlinea.com\/radiocristiana\/2017\/05\/29\/no-me-subestime\/","title":{"rendered":"NO ME SUBESTIME"},"content":{"rendered":"<p>Hay una historia acerca de una fiesta que hab\u00eda sido organizada por un grupo de l\u00e1mparas!&#8230; Mientras escuchaba hablar acerca de los preparativos, una peque\u00f1a vela esperaba ser invitada!, pensaba, tenemos mucho en com\u00fan, todas servimos para iluminar, pero a pesar de esto, decidieron no invitarla ya que las l\u00e1mparas la consideraban de poca importancia, como un objeto de poca importancia e in\u00fatil!.<\/p>\n<p>La velita muy triste, se sent\u00eda inferior y se conformaba con escuchar desde afuera lo que dec\u00edan, ellas se burlaban de la velita sinti\u00e9ndose insuperables.!!<\/p>\n<p>Ya en la fiesta y en un descuido, las orgullosas l\u00e1mparas provocaron un corto circuito!!&#8230; Todo qued\u00f3 a oscuras y ellas solo clamaban para que alguien pudiera socorrerlas!!<\/p>\n<p>LLamaron a un electricista para arreglar el desperfecto, pero se le dificultaba la tarea al no poder ver nada a causa del apag\u00f3n, entonces la velita se present\u00f3 ante \u00e9l y ofreci\u00f3 su ayuda!!&#8230; Con la luz de la peque\u00f1a vela, el t\u00e9cnico pudo ver y as\u00ed r\u00e1pidamente solucionar el problema.<\/p>\n<p>Las l\u00e1mparas al ver eso, se sintieron muy mal al darse cuenta que todas ellas depend\u00edan de la que hab\u00edan despreciado!!&#8230; La velita contaba con la luz que sal\u00eda de su interior, y aunque se iba consumiendo, esto no le importaba con tal de ser de ayuda!!<\/p>\n<p>A partir de ese d\u00eda, nunca m\u00e1s la velita se sinti\u00f3 inferior, ya que comenz\u00f3 a sentirse capaz de hacer grandes cosas!!<\/p>\n<p>Amigo!!&#8230; Probablemente algo o alguien te hizo sentir igual que la velita, reduciendo tu autoestima, y creando en ti barreras que no te dejan ver c\u00f3mo eres en realidad, deja de compadecerte y subestimar tus capacidades!! Al no aceptarte tal cual Dios te hizo es dudar de la perfecci\u00f3n de su obra, pues cuando te cre\u00f3 dijo \u201ces bueno\u201d as\u00ed que tu eres mucho m\u00e1s de lo que piensas!!, eres capaz de lograr cosas que jam\u00e1s imaginaste porque naciste para ser un vencedor!!<\/p>\n<p>No eres menos que nadie, en lo poco que puedas hacer muestra de qu\u00e9 est\u00e1s hecho, da lo mejor que tengas, que te importe m\u00e1s la opini\u00f3n de tu Creador que la de otros que quieran subestimarte!!&#8230; Y cuando llegue el d\u00eda tan esperado podr\u00e1s escuchar de sus labios:<\/p>\n<p><strong>\u201c\u00a1Hiciste bien, siervo bueno y fiel! Has sido fiel en lo poco; te pondr\u00e9 a cargo de mucho m\u00e1s. \u00a1Ven a compartir la felicidad de tu se\u00f1or!\u201d<br \/>\n(Mateo 25:23)<\/strong><\/p>\n<p>Desde hoy camina mirando hacia adelante y con la seguridad de que eres muy valioso por ser imagen de Cristo!!<\/p>\n<p><strong>\u201cPor tanto, nosotros todos, mirando a cara descubierta como en un espejo la gloria del Se\u00f1or, somos transformados de gloria en gloria en la misma imagen, como por el esp\u00edritu del Se\u00f1or\u201d<br \/>\n(2 Corintios 3:18)<\/strong><\/p>\n<p>DIOS LOS BENDIGA A TODOS Y QUE TENGAN UN EXCELENTE INICIO DE SEMANA!!<br \/>\nJon Alvarado<\/p>\n","protected":false},"excerpt":{"rendered":"<p>Hay una historia acerca de una fiesta que hab\u00eda sido organizada por un grupo de l\u00e1mparas!&#8230; Mientras escuchaba hablar acerca de los preparativos, una peque\u00f1a vela esperaba ser invitada!, pensaba, tenemos mucho en com\u00fan, todas servimos para iluminar, pero a pesar de esto, decidieron no invitarla ya que las l\u00e1mparas la consideraban de poca importancia, [&hellip;]<\/p>\n","protected":false},"author":1,"featured_media":2004,"comment_status":"closed","ping_status":"closed","sticky":false,"template":"","format":"standard","meta":{"_crdt_document":"","_monsterinsights_skip_tracking":false,"_monsterinsights_sitenote_active":false,"_monsterinsights_sitenote_note":"","_monsterinsights_sitenote_category":0,"footnotes":""},"categories":[35],"tags":[],"class_list":{"0":"post-1993","1":"post","2":"type-post","3":"status-publish","4":"format-standard","5":"has-post-thumbnail","6":"hentry","7":"category-jon-alvarado","9":"post-with-thumbnail","10":"post-with-thumbnail-large"},"aioseo_notices":[],"_links":{"self":[{"href":"https:\/\/radiocristianaenlinea.com\/radiocristiana\/wp-json\/wp\/v2\/posts\/1993","targetHints":{"allow":["GET"]}}],"collection":[{"href":"https:\/\/radiocristianaenlinea.com\/radiocristiana\/wp-json\/wp\/v2\/posts"}],"about":[{"href":"https:\/\/radiocristianaenlinea.com\/radiocristiana\/wp-json\/wp\/v2\/types\/post"}],"author":[{"embeddable":true,"href":"https:\/\/radiocristianaenlinea.com\/radiocristiana\/wp-json\/wp\/v2\/users\/1"}],"replies":[{"embeddable":true,"href":"https:\/\/radiocristianaenlinea.com\/radiocristiana\/wp-json\/wp\/v2\/comments?post=1993"}],"version-history":[{"count":2,"href":"https:\/\/radiocristianaenlinea.com\/radiocristiana\/wp-json\/wp\/v2\/posts\/1993\/revisions"}],"predecessor-version":[{"id":2005,"href":"https:\/\/radiocristianaenlinea.com\/radiocristiana\/wp-json\/wp\/v2\/posts\/1993\/revisions\/2005"}],"wp:featuredmedia":[{"embeddable":true,"href":"https:\/\/radiocristianaenlinea.com\/radiocristiana\/wp-json\/wp\/v2\/media\/2004"}],"wp:attachment":[{"href":"https:\/\/radiocristianaenlinea.com\/radiocristiana\/wp-json\/wp\/v2\/media?parent=1993"}],"wp:term":[{"taxonomy":"category","embeddable":true,"href":"https:\/\/radiocristianaenlinea.com\/radiocristiana\/wp-json\/wp\/v2\/categories?post=1993"},{"taxonomy":"post_tag","embeddable":true,"href":"https:\/\/radiocristianaenlinea.com\/radiocristiana\/wp-json\/wp\/v2\/tags?post=1993"}],"curies":[{"name":"wp","href":"https:\/\/api.w.org\/{rel}","templated":true}]}}