{"id":1999,"date":"2017-05-30T19:23:54","date_gmt":"2017-05-31T00:23:54","guid":{"rendered":"https:\/\/radiocristianaenlinea.com\/radiocristiana\/?p=1999"},"modified":"2017-06-01T10:47:27","modified_gmt":"2017-06-01T15:47:27","slug":"cuida-tu-espiritu","status":"publish","type":"post","link":"https:\/\/radiocristianaenlinea.com\/radiocristiana\/2017\/05\/30\/cuida-tu-espiritu\/","title":{"rendered":"CUIDA TU ESP\u00cdRITU"},"content":{"rendered":"<p>\u00abCUIDA TU ESP\u00cdRITU\u00bb<\/p>\n<p>Al haber recibido el soplo de vida sobre ti desde ese momento tu esp\u00edritu se convirti\u00f3 en tu responsabilidad.<\/p>\n<p><em><strong>\u00abComo ciudad destruida y sin murallas<span class=\"text_exposed_show\"><br \/>\nes el hombre que no pone freno a su esp\u00edritu.\u00bb<br \/>\n(Proverbios 25:28)<\/span><\/strong><\/em><\/p>\n<div class=\"text_exposed_show\">\n<p>La Biblia compara a la persona que no tiene control sobre su esp\u00edritu con una ciudad donde sus murallas han sido destruidas!!.<br \/>\nEse hecho hace que la ciudad no tenga defensas y, por lo tanto, sea vulnerable a cualquier ataque!!.<\/p>\n<p>De la misma forma, si no \u00abcuidamos\u00bb o \u00abgobernamos\u00bbnuestro propio esp\u00edritu, somos como ciudades con brechas en nuestros cimientos y grietas en nuestras murallas, abiertos a cualquier ataque que podamos imaginar!!<\/p>\n<p>La raz\u00f3n por la que debes responsabilizarte de tu esp\u00edritu es porque tu esp\u00edritu te abre camino en la vida!!&#8230; Uno de los mejores consejos que he podido leer es \u00abNunca desarrolles en ti un esp\u00edritu herido o de auto lastima\u00bb, tu esp\u00edritu es la llave de tu futuro y&#8230;<\/p>\n<p><strong>\u201cSobre toda cosa guardada, guarda tu coraz\u00f3n (esp\u00edritu); Porque de \u00e9l mana la vida.\u201d<br \/>\n??(Proverbios? ?4:23?)<\/strong><\/p>\n<p>Necesitamos se Diligentes en este asunto!! Las elecciones pobres, la falta de sabidur\u00eda, la inestabilidad emocional, el orgullo, la amargura, un \u00abesp\u00edritu herido\u00bby la falta de perd\u00f3n son el tipo de cosas que nos debilitan y nos dejan abiertos y vulnerables a cualquier asalto o ataque!!<\/p>\n<p><strong>\u201cPero Daniel mismo era superior a estos s\u00e1trapas y gobernadores, porque hab\u00eda en \u00e9l un esp\u00edritu superior; y el rey pens\u00f3 en ponerlo sobre todo el reino.\u201d<br \/>\n(??Daniel? ?6:3?)<\/strong><\/p>\n<p>Daniel ten\u00eda un esp\u00edritu excelente!! Y fue esa calidad de su coraz\u00f3n la que hizo que el rey Nabucodonosor cambiara la manera de ver a Daniel, obteniendo as\u00ed su favor y ascenso como resultado!!<\/p>\n<p>De la misma manera que el excelente esp\u00edritu de Daniel hizo que el rey lo viera diferente, si t\u00fa cuidas de tu esp\u00edritu, te levantar\u00e1s por encima de cualquier circunstancia dif\u00edcil que est\u00e9s enfrentando y cr\u00e9eme!!&#8230; encontrar\u00e1s favor en los dem\u00e1s!!&#8230; pero, si permites que otras cosas dominen tu esp\u00edritu, \u00e9stas no te dejar\u00e1n entrar en todo lo que Dios ha planeado para ti!!!<\/p>\n<p>Amigos!! Es necesario que entendamos el valor inmenso de nuestro esp\u00edritu y que tomemos la responsabilidad de guardarlo fielmente cada d\u00eda!!.<\/p>\n<p>Responsabilizarse de tener un coraz\u00f3n puro, limpio y correcto es totalmente necesario si qui\u00e9relos caminar en una relaci\u00f3n fruct\u00edfera con Jes\u00fas!!<\/p>\n<p>Cuando hables con Dios&#8230; dile: Dios!, ay\u00fadame a guardar y mantener mi coraz\u00f3n y mi esp\u00edritu puros delante de Ti!! Por favor trae a mi mente todo aquello que me est\u00e1 haciendo vivir con esa auto l\u00e1stima y capac\u00edtame para tener un esp\u00edritu correcto!!<\/p>\n<p>DIOS LOS BENDIGA A TODOS!!<\/p>\n<\/div>\n","protected":false},"excerpt":{"rendered":"<p>\u00abCUIDA TU ESP\u00cdRITU\u00bb Al haber recibido el soplo de vida sobre ti desde ese momento tu esp\u00edritu se convirti\u00f3 en tu responsabilidad. \u00abComo ciudad destruida y sin murallas es el hombre que no pone freno a su esp\u00edritu.\u00bb (Proverbios 25:28) La Biblia compara a la persona que no tiene control sobre su esp\u00edritu con una [&hellip;]<\/p>\n","protected":false},"author":5,"featured_media":2024,"comment_status":"closed","ping_status":"closed","sticky":false,"template":"","format":"standard","meta":{"_crdt_document":"","_monsterinsights_skip_tracking":false,"_monsterinsights_sitenote_active":false,"_monsterinsights_sitenote_note":"","_monsterinsights_sitenote_category":0,"footnotes":""},"categories":[35],"tags":[],"class_list":{"0":"post-1999","1":"post","2":"type-post","3":"status-publish","4":"format-standard","5":"has-post-thumbnail","6":"hentry","7":"category-jon-alvarado","9":"post-with-thumbnail","10":"post-with-thumbnail-large"},"aioseo_notices":[],"_links":{"self":[{"href":"https:\/\/radiocristianaenlinea.com\/radiocristiana\/wp-json\/wp\/v2\/posts\/1999","targetHints":{"allow":["GET"]}}],"collection":[{"href":"https:\/\/radiocristianaenlinea.com\/radiocristiana\/wp-json\/wp\/v2\/posts"}],"about":[{"href":"https:\/\/radiocristianaenlinea.com\/radiocristiana\/wp-json\/wp\/v2\/types\/post"}],"author":[{"embeddable":true,"href":"https:\/\/radiocristianaenlinea.com\/radiocristiana\/wp-json\/wp\/v2\/users\/5"}],"replies":[{"embeddable":true,"href":"https:\/\/radiocristianaenlinea.com\/radiocristiana\/wp-json\/wp\/v2\/comments?post=1999"}],"version-history":[{"count":3,"href":"https:\/\/radiocristianaenlinea.com\/radiocristiana\/wp-json\/wp\/v2\/posts\/1999\/revisions"}],"predecessor-version":[{"id":2028,"href":"https:\/\/radiocristianaenlinea.com\/radiocristiana\/wp-json\/wp\/v2\/posts\/1999\/revisions\/2028"}],"wp:featuredmedia":[{"embeddable":true,"href":"https:\/\/radiocristianaenlinea.com\/radiocristiana\/wp-json\/wp\/v2\/media\/2024"}],"wp:attachment":[{"href":"https:\/\/radiocristianaenlinea.com\/radiocristiana\/wp-json\/wp\/v2\/media?parent=1999"}],"wp:term":[{"taxonomy":"category","embeddable":true,"href":"https:\/\/radiocristianaenlinea.com\/radiocristiana\/wp-json\/wp\/v2\/categories?post=1999"},{"taxonomy":"post_tag","embeddable":true,"href":"https:\/\/radiocristianaenlinea.com\/radiocristiana\/wp-json\/wp\/v2\/tags?post=1999"}],"curies":[{"name":"wp","href":"https:\/\/api.w.org\/{rel}","templated":true}]}}