{"id":2010,"date":"2017-05-30T17:43:27","date_gmt":"2017-05-30T22:43:27","guid":{"rendered":"https:\/\/radiocristianaenlinea.com\/radiocristiana\/?p=2010"},"modified":"2017-05-31T14:26:51","modified_gmt":"2017-05-31T19:26:51","slug":"la-experiencia-del-arrepentimiento","status":"publish","type":"post","link":"https:\/\/radiocristianaenlinea.com\/radiocristiana\/2017\/05\/30\/la-experiencia-del-arrepentimiento\/","title":{"rendered":"LA EXPERIENCIA DEL ARREPENTIMIENTO"},"content":{"rendered":"<p>Dios envi\u00f3 a su \u00fanico Hijo Jes\u00fas a la Tierra por un prop\u00f3sito principal!&#8230; darnos vida nueva!!.<br \/>\nEn (Lucas 5:27-32), Jes\u00fas parafrasea su misi\u00f3n de esta manera:<\/p>\n<h4><strong>\u00abNo son los sanos los que necesitan un doctor, sino los enfermos. No he venido a llamar a los justos, sino a los pecadores al arrepentimiento\u00bb.<\/strong><\/p>\n<p>Cristo vino para que los pecadores como tu y yo pudi\u00e9ramos tener nueva vida a trav\u00e9s de nuestro arrepentimiento y su perd\u00f3n!!<\/h4>\n<p>Nuestras vidas son cambiadas para siempre cuando nos arrepentimos y buscamos su perd\u00f3n!!. La misi\u00f3n de Cristo es tambi\u00e9n nuestra misi\u00f3n!!&#8230; Somos llamados no a ministrar a los justos, sino a aquellos que est\u00e1n perdidos y necesitados de arrepentimiento..<\/p>\n<p>Amigo!!.. Si tu ya te has arrepentido sinceramente de sus pecados y Dios te ha perdonado, entonces tienes una historia que contar a aquellos que necesitan arrepentimiento!!. Tu cambio de vida puede crear el mismo cambio en la vida de otro!!<\/p>\n<p>Muchas veces no es necesario salir a predicar e intentar convencer a los dem\u00e1s habl\u00e1ndoles!&#8230; el mejor mensaje que podemos dar a otros es a trav\u00e9s de nuestra manera de actuar y vivir!!<\/p>\n<p>A qui\u00e9n conoces que necesite arrepentimiento para recibir el perd\u00f3n de Dios?&#8230; C\u00f3mo puede tu historia del perd\u00f3n de Dios ayudar a alguien m\u00e1s a venir al arrepentimiento?<\/p>\n<p>Seamos diligentes y congruentes!! Si Dios habita en nuestro coraz\u00f3n&#8230; que mal puede salir de ah\u00ed?<br \/>\n<strong>DIOS LOS BENDIGA A TODOS!<\/strong><\/p>\n","protected":false},"excerpt":{"rendered":"<p>Dios envi\u00f3 a su \u00fanico Hijo Jes\u00fas a la Tierra por un prop\u00f3sito principal!&#8230; darnos vida nueva!!. En (Lucas 5:27-32), Jes\u00fas parafrasea su misi\u00f3n de esta manera: \u00abNo son los sanos los que necesitan un doctor, sino los enfermos. No he venido a llamar a los justos, sino a los pecadores al arrepentimiento\u00bb. Cristo vino [&hellip;]<\/p>\n","protected":false},"author":5,"featured_media":2011,"comment_status":"closed","ping_status":"closed","sticky":false,"template":"","format":"standard","meta":{"_crdt_document":"","_monsterinsights_skip_tracking":false,"_monsterinsights_sitenote_active":false,"_monsterinsights_sitenote_note":"","_monsterinsights_sitenote_category":0,"footnotes":""},"categories":[35],"tags":[],"class_list":{"0":"post-2010","1":"post","2":"type-post","3":"status-publish","4":"format-standard","5":"has-post-thumbnail","6":"hentry","7":"category-jon-alvarado","9":"post-with-thumbnail","10":"post-with-thumbnail-large"},"aioseo_notices":[],"_links":{"self":[{"href":"https:\/\/radiocristianaenlinea.com\/radiocristiana\/wp-json\/wp\/v2\/posts\/2010","targetHints":{"allow":["GET"]}}],"collection":[{"href":"https:\/\/radiocristianaenlinea.com\/radiocristiana\/wp-json\/wp\/v2\/posts"}],"about":[{"href":"https:\/\/radiocristianaenlinea.com\/radiocristiana\/wp-json\/wp\/v2\/types\/post"}],"author":[{"embeddable":true,"href":"https:\/\/radiocristianaenlinea.com\/radiocristiana\/wp-json\/wp\/v2\/users\/5"}],"replies":[{"embeddable":true,"href":"https:\/\/radiocristianaenlinea.com\/radiocristiana\/wp-json\/wp\/v2\/comments?post=2010"}],"version-history":[{"count":3,"href":"https:\/\/radiocristianaenlinea.com\/radiocristiana\/wp-json\/wp\/v2\/posts\/2010\/revisions"}],"predecessor-version":[{"id":2019,"href":"https:\/\/radiocristianaenlinea.com\/radiocristiana\/wp-json\/wp\/v2\/posts\/2010\/revisions\/2019"}],"wp:featuredmedia":[{"embeddable":true,"href":"https:\/\/radiocristianaenlinea.com\/radiocristiana\/wp-json\/wp\/v2\/media\/2011"}],"wp:attachment":[{"href":"https:\/\/radiocristianaenlinea.com\/radiocristiana\/wp-json\/wp\/v2\/media?parent=2010"}],"wp:term":[{"taxonomy":"category","embeddable":true,"href":"https:\/\/radiocristianaenlinea.com\/radiocristiana\/wp-json\/wp\/v2\/categories?post=2010"},{"taxonomy":"post_tag","embeddable":true,"href":"https:\/\/radiocristianaenlinea.com\/radiocristiana\/wp-json\/wp\/v2\/tags?post=2010"}],"curies":[{"name":"wp","href":"https:\/\/api.w.org\/{rel}","templated":true}]}}