{"id":2059,"date":"2017-06-05T10:57:08","date_gmt":"2017-06-05T15:57:08","guid":{"rendered":"https:\/\/radiocristianaenlinea.com\/radiocristiana\/?p=2059"},"modified":"2017-06-05T10:58:18","modified_gmt":"2017-06-05T15:58:18","slug":"recupera-lo-que-perdiste","status":"publish","type":"post","link":"https:\/\/radiocristianaenlinea.com\/radiocristiana\/2017\/06\/05\/recupera-lo-que-perdiste\/","title":{"rendered":"RECUPERA LO QUE PERDISTE"},"content":{"rendered":"<p>Cristina hab\u00eda visualizado una vida distinta para ella, hab\u00eda pensado que ahora estar\u00eda en el mejor momento de su vida, pero se encontr\u00f3 en un pozo de amargura!!. Pens\u00f3 que se casar\u00eda, que seguir\u00eda en contacto con sus amigos de estudios, que formar\u00eda una familia y que guiar\u00eda a mujeres cristianas m\u00e1s j\u00f3venes!!&#8230; Pero su realidad decepcion\u00f3 sus expectativas!<\/p>\n<p>Su descontento la fue llevando por un sendero oscuro de pecado, donde est\u00e1 buscando alivi<span class=\"text_exposed_show\">o, pero s\u00f3lo ha encontrado muerte emocional y espiritual.<\/span><\/p>\n<div class=\"text_exposed_show\">\n<p>As\u00ed como Cristina, muchos cristianos no han logrado aceptar las cartas que les dio la vida!!. Cada ma\u00f1ana, muchos cristianos, de todos las posiciones sociales, se despiertan descontentos con la vida&#8230; con la solter\u00eda, el matrimonio, su carrera, la iglesia o la comunidad!! y desear\u00edan cambiar de vida!!<\/p>\n<p>Nuestro descontento nos lleva a un pensamiento sin ilusi\u00f3n pero tambi\u00e9n a la desesperanza y, algunas veces, origina un pensamiento suicida!!&#8230; Intentamos reemplazar y eliminar todo lo que percibimos que est\u00e1 relacionado a nuestro descontento!!&#8230; frases como:<br \/>\n\u201cOdio estar soltero, deber\u00eda formalizar una relaci\u00f3n\u201d.<br \/>\n\u201cMi espos@ no me satisface, deber\u00eda buscar otra pareja\u201d.<br \/>\n\u201cMi empleo no es tan bueno, deber\u00eda renunciar\u201d.<br \/>\n\u201cMi iglesia tiene muchos problemas, deber\u00eda irme\u201d.<br \/>\n\u201cLa vida est\u00e1 llena de amargura, deber\u00eda terminar con ella\u201d.<br \/>\n\u201cDios no me hace feliz, deber\u00eda rechazarlo\u201d.<\/p>\n<p>Sin embargo, el problema no radica en la solter\u00eda, el matrimonio, el empleo, la iglesia o Dios!!!. La respuesta a nuestro problema no est\u00e1 siempre relacionada con un cambio de circunstancias!!<\/p>\n<p>Enfermos o sanos, solteros o casados, ricos o pobres, f\u00e9rtiles o inf\u00e9rtiles, hambrientos o llenos!!&#8230; sin importar la circunstancia, podemos encontrar una forma de estar descontentos, indiferentemente de nuestras situaciones en la vida!!<\/p>\n<p>El coraz\u00f3n humano es imposible de satisfacer con cosas temporales o bienes terrenales!!. Siempre deseamos m\u00e1s!!&#8230; pero lo que si es verdad es que la vida siempre puede ser mejor!!<\/p>\n<p>Amigos!!&#8230;Recuerden que la satisfacci\u00f3n de un hombre est\u00e1 en su mente, no en la extensi\u00f3n de sus posesiones!!&#8230; hay personas que con todo el mundo a tus pies, claman por otro mundo para conquistarlo!!&#8230; Sin embargo, existe un camino mejor, uno que lleva a una dulce satisfacci\u00f3n y a la felicidad verdadera!!<\/p>\n<p>Y ese camino mis amigos&#8230; es el camino que marc\u00f3 Jes\u00fas!!<\/p>\n<p><strong>\u00abEntonces mi alma se alegrar\u00e1 en Jehov\u00e1; Se regocijar\u00e1 en su salvaci\u00f3n\u00bb.<\/strong><br \/>\n<strong> (Salmos 35:9)<\/strong><\/p>\n<p><strong>Los mandamientos de Jehov\u00e1 son rectos, que alegran el coraz\u00f3n; El precepto de Jehov\u00e1 es puro, que alumbra los ojos.<\/strong><br \/>\n<strong> (Salmos 19:8)<\/strong><\/p>\n<\/div>\n","protected":false},"excerpt":{"rendered":"<p>Cristina hab\u00eda visualizado una vida distinta para ella, hab\u00eda pensado que ahora estar\u00eda en el mejor momento de su vida, pero se encontr\u00f3 en un pozo de amargura!!. Pens\u00f3 que se casar\u00eda, que seguir\u00eda en contacto con sus amigos de estudios, que formar\u00eda una familia y que guiar\u00eda a mujeres cristianas m\u00e1s j\u00f3venes!!&#8230; Pero su [&hellip;]<\/p>\n","protected":false},"author":5,"featured_media":2060,"comment_status":"closed","ping_status":"closed","sticky":false,"template":"","format":"standard","meta":{"_crdt_document":"","_monsterinsights_skip_tracking":false,"_monsterinsights_sitenote_active":false,"_monsterinsights_sitenote_note":"","_monsterinsights_sitenote_category":0,"footnotes":""},"categories":[35],"tags":[],"class_list":{"0":"post-2059","1":"post","2":"type-post","3":"status-publish","4":"format-standard","5":"has-post-thumbnail","6":"hentry","7":"category-jon-alvarado","9":"post-with-thumbnail","10":"post-with-thumbnail-large"},"aioseo_notices":[],"_links":{"self":[{"href":"https:\/\/radiocristianaenlinea.com\/radiocristiana\/wp-json\/wp\/v2\/posts\/2059","targetHints":{"allow":["GET"]}}],"collection":[{"href":"https:\/\/radiocristianaenlinea.com\/radiocristiana\/wp-json\/wp\/v2\/posts"}],"about":[{"href":"https:\/\/radiocristianaenlinea.com\/radiocristiana\/wp-json\/wp\/v2\/types\/post"}],"author":[{"embeddable":true,"href":"https:\/\/radiocristianaenlinea.com\/radiocristiana\/wp-json\/wp\/v2\/users\/5"}],"replies":[{"embeddable":true,"href":"https:\/\/radiocristianaenlinea.com\/radiocristiana\/wp-json\/wp\/v2\/comments?post=2059"}],"version-history":[{"count":2,"href":"https:\/\/radiocristianaenlinea.com\/radiocristiana\/wp-json\/wp\/v2\/posts\/2059\/revisions"}],"predecessor-version":[{"id":2062,"href":"https:\/\/radiocristianaenlinea.com\/radiocristiana\/wp-json\/wp\/v2\/posts\/2059\/revisions\/2062"}],"wp:featuredmedia":[{"embeddable":true,"href":"https:\/\/radiocristianaenlinea.com\/radiocristiana\/wp-json\/wp\/v2\/media\/2060"}],"wp:attachment":[{"href":"https:\/\/radiocristianaenlinea.com\/radiocristiana\/wp-json\/wp\/v2\/media?parent=2059"}],"wp:term":[{"taxonomy":"category","embeddable":true,"href":"https:\/\/radiocristianaenlinea.com\/radiocristiana\/wp-json\/wp\/v2\/categories?post=2059"},{"taxonomy":"post_tag","embeddable":true,"href":"https:\/\/radiocristianaenlinea.com\/radiocristiana\/wp-json\/wp\/v2\/tags?post=2059"}],"curies":[{"name":"wp","href":"https:\/\/api.w.org\/{rel}","templated":true}]}}