{"id":2093,"date":"2017-06-07T19:50:28","date_gmt":"2017-06-08T00:50:28","guid":{"rendered":"https:\/\/radiocristianaenlinea.com\/radiocristiana\/?p=2093"},"modified":"2017-06-07T19:50:28","modified_gmt":"2017-06-08T00:50:28","slug":"la-ventana-del-corazon","status":"publish","type":"post","link":"https:\/\/radiocristianaenlinea.com\/radiocristiana\/2017\/06\/07\/la-ventana-del-corazon\/","title":{"rendered":"LA VENTANA DEL CORAZ\u00d3N"},"content":{"rendered":"<p><strong>\u00abConsiderad, pues, a aquel que soport\u00f3 tal hostilidad de los pecadores contra s\u00ed mismo, para que no os cans\u00e9is ni os desanim\u00e9is en vuestro coraz\u00f3n.\u00bb<\/strong><\/p>\n<p><strong>(Hebreos 12:3)<\/strong><\/p>\n<div class=\"text_exposed_show\">\n<p>Una de las capacidades m\u00e1s notables de la mente humana es la capacidad de poner la atenci\u00f3n en lo que escoja!, Podemos decirle a nuestra mente: \u00abPiensa en esto y no en aquello\u00bb&#8230; Podemos poner nuestra atenci\u00f3n total en una idea, una imagen, un problema o una esperanza!!<\/p>\n<p>Si lo pensamos bien, es un poder incre\u00edble!! De hecho dudo que los animales lo tengan!, probablemente no sean reflexivos como nosotros, sino que, por el contrario, sean impulsivos e instintivos.<\/p>\n<p>En la lucha contra el pecado, hemos descuidado esta poderosa arma de nuestro arsenal?? La Biblia nos llama una y otra vez a usar este poderoso regalo!! Y es en este tiempo extremadamente necesario sacarlo, pulirlo y usarlo correctamente!!<\/p>\n<p><strong>\u00abPorque los que viven conforme a la carne, ponen la mente en las cosas de la carne, pero los que viven conforme al Esp\u00edritu, en las cosas del Esp\u00edritu. Porque la mente puesta en la carne es muerte, pero la mente puesta en el Esp\u00edritu es vida y paz.\u00bb<\/strong><br \/>\n<strong>(Romanos 8:5-6)<\/strong><\/p>\n<p>Esto simplemente me impacta!!&#8230; Donde pongamos la mente, esto determina si es cuesti\u00f3n de vida o de muerte!!<\/p>\n<p>Me atrevo a decir que muchos de nosotros nos hemos vuelto muy pasivos en la b\u00fasqueda de la integridad, de ser diferentes y tener paz!! en esta \u00e9poca de las terapias, hemos ca\u00eddo en la mentalidad de pasividad en la que simplemente nos la pasamos hablando de nuestros problemas!! o lidiando con nuestros asuntos! o descubriendo que las ra\u00edces del mal que hay en nuestra vida se encuentran en la herencia que nos dieron nuestros padres!!<\/p>\n<p>Sin embargo aqu\u00ed est\u00e1 la recomendaci\u00f3n muy clara&#8230;<\/p>\n<p><strong>\u00abPoned la mira en las cosas de arriba, no en las de la tierra\u00bb<\/strong><br \/>\n<strong>(Colosenses 3:2)<\/strong><\/p>\n<p>Y esto es algo que tiene que hacerse no con pasividad sino todo lo contrario!! Porque&#8230;<\/p>\n<p><strong>\u00abDesde los d\u00edas de Juan el Bautista hasta ahora, al reino de los cielos se hace fuerza, y los valientes lo arrebatan.\u00bb<\/strong><br \/>\n<strong>??(Mateo? ?11:12?)<\/strong><\/p>\n<p>Regularmente nuestras emociones se rigen por lo que est\u00e1 en nuestra mente todo el tiempo!!<\/p>\n<p>Amigos!!&#8230; La mente es la ventana del coraz\u00f3n!!&#8230; Si dejamos que nuestra mente piense constantemente en la oscuridad, el coraz\u00f3n se sentir\u00e1 oscuro!!&#8230; pero si abrimos la ventana de nuestra mente a la luz, el coraz\u00f3n sentir\u00e1 la luz!!<\/p>\n<p>En que pondr\u00e1s tu mente el d\u00eda de hoy?? A que le abrir\u00e1s la ventana de tu coraz\u00f3n?<\/p>\n<p>DIOS LOS BENDIGA A TODOS!!<\/p>\n<\/div>\n","protected":false},"excerpt":{"rendered":"<p>\u00abConsiderad, pues, a aquel que soport\u00f3 tal hostilidad de los pecadores contra s\u00ed mismo, para que no os cans\u00e9is ni os desanim\u00e9is en vuestro coraz\u00f3n.\u00bb (Hebreos 12:3) Una de las capacidades m\u00e1s notables de la mente humana es la capacidad de poner la atenci\u00f3n en lo que escoja!, Podemos decirle a nuestra mente: \u00abPiensa en [&hellip;]<\/p>\n","protected":false},"author":5,"featured_media":2094,"comment_status":"closed","ping_status":"closed","sticky":false,"template":"","format":"standard","meta":{"_crdt_document":"","_monsterinsights_skip_tracking":false,"_monsterinsights_sitenote_active":false,"_monsterinsights_sitenote_note":"","_monsterinsights_sitenote_category":0,"footnotes":""},"categories":[35],"tags":[],"class_list":{"0":"post-2093","1":"post","2":"type-post","3":"status-publish","4":"format-standard","5":"has-post-thumbnail","6":"hentry","7":"category-jon-alvarado","9":"post-with-thumbnail","10":"post-with-thumbnail-large"},"aioseo_notices":[],"_links":{"self":[{"href":"https:\/\/radiocristianaenlinea.com\/radiocristiana\/wp-json\/wp\/v2\/posts\/2093","targetHints":{"allow":["GET"]}}],"collection":[{"href":"https:\/\/radiocristianaenlinea.com\/radiocristiana\/wp-json\/wp\/v2\/posts"}],"about":[{"href":"https:\/\/radiocristianaenlinea.com\/radiocristiana\/wp-json\/wp\/v2\/types\/post"}],"author":[{"embeddable":true,"href":"https:\/\/radiocristianaenlinea.com\/radiocristiana\/wp-json\/wp\/v2\/users\/5"}],"replies":[{"embeddable":true,"href":"https:\/\/radiocristianaenlinea.com\/radiocristiana\/wp-json\/wp\/v2\/comments?post=2093"}],"version-history":[{"count":1,"href":"https:\/\/radiocristianaenlinea.com\/radiocristiana\/wp-json\/wp\/v2\/posts\/2093\/revisions"}],"predecessor-version":[{"id":2095,"href":"https:\/\/radiocristianaenlinea.com\/radiocristiana\/wp-json\/wp\/v2\/posts\/2093\/revisions\/2095"}],"wp:featuredmedia":[{"embeddable":true,"href":"https:\/\/radiocristianaenlinea.com\/radiocristiana\/wp-json\/wp\/v2\/media\/2094"}],"wp:attachment":[{"href":"https:\/\/radiocristianaenlinea.com\/radiocristiana\/wp-json\/wp\/v2\/media?parent=2093"}],"wp:term":[{"taxonomy":"category","embeddable":true,"href":"https:\/\/radiocristianaenlinea.com\/radiocristiana\/wp-json\/wp\/v2\/categories?post=2093"},{"taxonomy":"post_tag","embeddable":true,"href":"https:\/\/radiocristianaenlinea.com\/radiocristiana\/wp-json\/wp\/v2\/tags?post=2093"}],"curies":[{"name":"wp","href":"https:\/\/api.w.org\/{rel}","templated":true}]}}