{"id":2096,"date":"2017-06-09T00:24:58","date_gmt":"2017-06-09T05:24:58","guid":{"rendered":"https:\/\/radiocristianaenlinea.com\/radiocristiana\/?p=2096"},"modified":"2017-06-09T00:24:58","modified_gmt":"2017-06-09T05:24:58","slug":"oracion-en-tiempos-de-perdida","status":"publish","type":"post","link":"https:\/\/radiocristianaenlinea.com\/radiocristiana\/2017\/06\/09\/oracion-en-tiempos-de-perdida\/","title":{"rendered":"ORACI\u00d3N EN TIEMPOS DE P\u00c9RDIDA"},"content":{"rendered":"<p>Me rompe el coraz\u00f3n ver a uno de mis hijos o cualquier otro ni\u00f1o lastimado!! Cuando juegan y corren y chocan contra una mesa y se golpean la boca, c\u00f3mo te sientes?&#8230;<\/p>\n<p>Aburrido?&#8230;Indiferente? Por supuesto que no!!! Simplemente se te rompe el coraz\u00f3n!!, curas el labio lesionado, los consuelas y los tranquilizas!!.<\/p>\n<div class=\"text_exposed_show\">\n<p>Sabes qu\u00e9?&#8230; Dios te ama mucho m\u00e1s de lo que t\u00fa amas a tus hijos o a tus nietos!!&#8230; Cuando te has encontrado en problemas y te has golpeado el rostro, o tu cuerpo se enferma con un c\u00e1ncer mortal!&#8230; tambi\u00e9n se ha roto su gran coraz\u00f3n!!!.<\/p>\n<p>Una vez, Jes\u00fas les cont\u00f3 a sus disc\u00edpulos una historia que muestra lo mucho que su Padre se preocupa por ellos y les ense\u00f1a que no deben dejar de orar!!:<\/p>\n<p><strong>\u201cPues bien, \u00bfacaso Dios no defender\u00e1 tambi\u00e9n a sus escogidos, que claman a \u00e9l d\u00eda y noche? \u00bfLos har\u00e1 esperar?\u201d <\/strong><br \/>\n<strong>(Lucas 18:7).<\/strong><\/p>\n<p>Cada oraci\u00f3n que hagamos es procesada de manera instant\u00e1nea en la mente de Dios, y \u00e9l tratar\u00e1 toda petici\u00f3n de la manera que m\u00e1s bendiga al que ora y clama y pide de acuerdo con su gran sabidur\u00eda y plan maestro!!<\/p>\n<p>Aunque parezca que Dios nos dio la espalda y sentimos enojo o rabia por lo que estamos pasando, normalmente en ese justo instante, Jes\u00fas con esos ojos llenos de amor y misericordia se presenta ante su Padre para llorar y clamar por ti y por mi!! Lo hace con tal intensidad que Dios no se resiste a extender su mano de Poder para obrar los milagros m\u00e1s hermosos y grandes jam\u00e1s vistos!!<\/p>\n<p>As\u00ed que&#8230; querido amigo!!&#8230; por qu\u00e9 no usas ese privilegio que tienes de aun poder levantar un clamor a Dios en este momento? Lo digo en serio!!&#8230; Qu\u00e9 necesitas? D\u00f3nde te duele? Habla con tu Padre!!&#8230; a \u00c9l le agradar\u00eda mucho escuchar todo eso de ti en este mismo momento!! Y te aseguro que vendr\u00e1 a ti con el abrazo m\u00e1s c\u00e1lido y amoroso que te dar\u00e1 una paz y esperanza inigualable!!<\/p>\n<p>No esperes m\u00e1s!!!!<\/p>\n<p>DIOS LOS BENDIGA A TODOS!!<\/p>\n<\/div>\n","protected":false},"excerpt":{"rendered":"<p>Me rompe el coraz\u00f3n ver a uno de mis hijos o cualquier otro ni\u00f1o lastimado!! Cuando juegan y corren y chocan contra una mesa y se golpean la boca, c\u00f3mo te sientes?&#8230; Aburrido?&#8230;Indiferente? Por supuesto que no!!! Simplemente se te rompe el coraz\u00f3n!!, curas el labio lesionado, los consuelas y los tranquilizas!!. Sabes qu\u00e9?&#8230; Dios [&hellip;]<\/p>\n","protected":false},"author":5,"featured_media":2097,"comment_status":"closed","ping_status":"closed","sticky":false,"template":"","format":"standard","meta":{"_crdt_document":"","_monsterinsights_skip_tracking":false,"_monsterinsights_sitenote_active":false,"_monsterinsights_sitenote_note":"","_monsterinsights_sitenote_category":0,"footnotes":""},"categories":[35],"tags":[],"class_list":{"0":"post-2096","1":"post","2":"type-post","3":"status-publish","4":"format-standard","5":"has-post-thumbnail","6":"hentry","7":"category-jon-alvarado","9":"post-with-thumbnail","10":"post-with-thumbnail-large"},"aioseo_notices":[],"_links":{"self":[{"href":"https:\/\/radiocristianaenlinea.com\/radiocristiana\/wp-json\/wp\/v2\/posts\/2096","targetHints":{"allow":["GET"]}}],"collection":[{"href":"https:\/\/radiocristianaenlinea.com\/radiocristiana\/wp-json\/wp\/v2\/posts"}],"about":[{"href":"https:\/\/radiocristianaenlinea.com\/radiocristiana\/wp-json\/wp\/v2\/types\/post"}],"author":[{"embeddable":true,"href":"https:\/\/radiocristianaenlinea.com\/radiocristiana\/wp-json\/wp\/v2\/users\/5"}],"replies":[{"embeddable":true,"href":"https:\/\/radiocristianaenlinea.com\/radiocristiana\/wp-json\/wp\/v2\/comments?post=2096"}],"version-history":[{"count":1,"href":"https:\/\/radiocristianaenlinea.com\/radiocristiana\/wp-json\/wp\/v2\/posts\/2096\/revisions"}],"predecessor-version":[{"id":2098,"href":"https:\/\/radiocristianaenlinea.com\/radiocristiana\/wp-json\/wp\/v2\/posts\/2096\/revisions\/2098"}],"wp:featuredmedia":[{"embeddable":true,"href":"https:\/\/radiocristianaenlinea.com\/radiocristiana\/wp-json\/wp\/v2\/media\/2097"}],"wp:attachment":[{"href":"https:\/\/radiocristianaenlinea.com\/radiocristiana\/wp-json\/wp\/v2\/media?parent=2096"}],"wp:term":[{"taxonomy":"category","embeddable":true,"href":"https:\/\/radiocristianaenlinea.com\/radiocristiana\/wp-json\/wp\/v2\/categories?post=2096"},{"taxonomy":"post_tag","embeddable":true,"href":"https:\/\/radiocristianaenlinea.com\/radiocristiana\/wp-json\/wp\/v2\/tags?post=2096"}],"curies":[{"name":"wp","href":"https:\/\/api.w.org\/{rel}","templated":true}]}}