{"id":2126,"date":"2017-06-14T11:31:01","date_gmt":"2017-06-14T16:31:01","guid":{"rendered":"https:\/\/radiocristianaenlinea.com\/radiocristiana\/?p=2126"},"modified":"2017-06-14T11:31:01","modified_gmt":"2017-06-14T16:31:01","slug":"apartado-y-llamado","status":"publish","type":"post","link":"https:\/\/radiocristianaenlinea.com\/radiocristiana\/2017\/06\/14\/apartado-y-llamado\/","title":{"rendered":"APARTADO Y LLAMADO"},"content":{"rendered":"<p><strong>\u00abPero cuando Dios, que me apart\u00f3 desde el vientre de mi madre y me llam\u00f3 por su gracia\u2026\u00bb<\/strong><br \/>\n<strong>(G\u00e1latas 1:15)<\/strong><\/p>\n<div class=\"text_exposed_show\">\n<p>Hablemos un poco de la conversi\u00f3n de Pablo, la soberan\u00eda de Dios y lo que los pecados de Pablo tienen que ver con nuestra salvaci\u00f3n&#8230;<\/p>\n<p><strong>Pablo dice que Dios \u00abme apart\u00f3 desde el vientre de mi madre\u00bb y que luego, en el camino a Damasco&#8230;<\/strong><br \/>\n<strong>\u00abme llam\u00f3 por su gracia\u00bb <\/strong><br \/>\n<strong>(G\u00e1latas 1:15)<\/strong><\/p>\n<p><strong>Esto significa que, entre el nacimiento de Pablo y su llamamiento camino a Damasco, \u00e9l ya hab\u00eda sido escogido pero a\u00fan no hab\u00eda sido llamado como instrumento de Dios!<\/strong><br \/>\n<strong>(Hechos 9:15; 22:14)<\/strong><\/p>\n<p>Pablo estaba golpeando y encarcelando y asesinando a cristianos como un escogido de Dios!!! Que locura no?? Pero pronto se convertir\u00eda en un misionero cristiano poderoso!!<\/p>\n<p><strong>\u00abY aconteci\u00f3 que cuando iba de camino, estando ya cerca de Damasco, como al mediod\u00eda, de repente una luz muy brillante fulgur\u00f3 desde el cielo a mi derredor, y ca\u00ed al suelo, y o\u00ed una voz que me dec\u00eda: \u201cSaulo, Saulo, \u00bfpor qu\u00e9 me persigues?\u201d <\/strong><br \/>\n<strong>(Hechos 22:6-7)<\/strong><\/p>\n<p>No hab\u00eda forma de negarlo o escaparse!!&#8230; Dios lo hab\u00eda escogido para esto antes de que \u00e9l naciera!! y ahora estaba sucediendo!! Y aqu\u00ed es donde podemos ver claramente que la palabra de Cristo es soberana!!.<br \/>\nNo hab\u00eda manera de negociar!!<\/p>\n<p><strong>\u00abLev\u00e1ntate y entra a Damasco; y all\u00ed se te dir\u00e1 todo lo que se ha ordenado que hagas\u00bb<\/strong><br \/>\n<strong>(Hechos 22:10)<\/strong><\/p>\n<p>Damasco no fue el lugar donde las desiciones de Pablo trajeran su salvaci\u00f3n!!&#8230; Dios ten\u00eda un tiempo para escogerlo!! (antes de que naciera) y un tiempo para llamarlo!!(en el camino a Damasco).<\/p>\n<p>Pablo cedi\u00f3 cuando Dios lo llam\u00f3!!<br \/>\nAs\u00ed que, los pecados que Dios permiti\u00f3 que ocurrieran entre el nacimiento de Pablo y su llamamiento fueron parte del plan!!! ya que Dios podr\u00eda haber hecho la obra de Damasco antes!!<\/p>\n<p>Tienes alguna idea de lo que el plan de esos pecados de Pablo antes de su llamado fueran permitidos??&#8230; S\u00edii!! Fueron permitidos para ti y para m\u00ed&#8230; para todos los que han pensado que sus pecados est\u00e1n fuera del alcance de la gracia!!&#8230; Es de esta manera que los pecados de Pablo se relacionan con nosotros!!<\/p>\n<p><strong>\u00abAun habiendo sido yo antes blasfemo, perseguidor y agresor. Sin embargo, se me mostr\u00f3 misericordia\u2026 por esto hall\u00e9 misericordia, para que en m\u00ed, como el primero, Jesucristo demostrara toda su paciencia como un ejemplo para los que habr\u00edan de creer en \u00c9l para vida eterna\u00bb <\/strong><br \/>\n<strong>(1 Timoteo 13, 16)<\/strong><\/p>\n<p>Amigo!!&#8230; Esto es una locura!!!&#8230;<br \/>\nSe dan cuenta que todo tiene siempre un prop\u00f3sito m\u00e1s all\u00e1 de lo que podemos ver?? Sin duda alguna&#8230; dulces son los planes de Dios, que en su amor infinito y misericordia salva a pecadores endurecidos! Dios ya te escogi\u00f3 desde antes que nacieras y estoy seguro que cumplir\u00e1 su prop\u00f3sito en ti!! Solo tienes que ped\u00edrselo!!<\/p>\n<p>Tenemos alg\u00fan pretexto ahora??<\/p>\n<p>S\u00f3lo ven a Jes\u00fas!! El tiene todas las respuestas a tu vida!!!<\/p>\n<p>DIOS LOS BENDIGA A TODOS!!<\/p>\n<\/div>\n","protected":false},"excerpt":{"rendered":"<p>\u00abPero cuando Dios, que me apart\u00f3 desde el vientre de mi madre y me llam\u00f3 por su gracia\u2026\u00bb (G\u00e1latas 1:15) Hablemos un poco de la conversi\u00f3n de Pablo, la soberan\u00eda de Dios y lo que los pecados de Pablo tienen que ver con nuestra salvaci\u00f3n&#8230; Pablo dice que Dios \u00abme apart\u00f3 desde el vientre de [&hellip;]<\/p>\n","protected":false},"author":5,"featured_media":2127,"comment_status":"closed","ping_status":"closed","sticky":false,"template":"","format":"standard","meta":{"_crdt_document":"","_monsterinsights_skip_tracking":false,"_monsterinsights_sitenote_active":false,"_monsterinsights_sitenote_note":"","_monsterinsights_sitenote_category":0,"footnotes":""},"categories":[35],"tags":[],"class_list":{"0":"post-2126","1":"post","2":"type-post","3":"status-publish","4":"format-standard","5":"has-post-thumbnail","6":"hentry","7":"category-jon-alvarado","9":"post-with-thumbnail","10":"post-with-thumbnail-large"},"aioseo_notices":[],"_links":{"self":[{"href":"https:\/\/radiocristianaenlinea.com\/radiocristiana\/wp-json\/wp\/v2\/posts\/2126","targetHints":{"allow":["GET"]}}],"collection":[{"href":"https:\/\/radiocristianaenlinea.com\/radiocristiana\/wp-json\/wp\/v2\/posts"}],"about":[{"href":"https:\/\/radiocristianaenlinea.com\/radiocristiana\/wp-json\/wp\/v2\/types\/post"}],"author":[{"embeddable":true,"href":"https:\/\/radiocristianaenlinea.com\/radiocristiana\/wp-json\/wp\/v2\/users\/5"}],"replies":[{"embeddable":true,"href":"https:\/\/radiocristianaenlinea.com\/radiocristiana\/wp-json\/wp\/v2\/comments?post=2126"}],"version-history":[{"count":1,"href":"https:\/\/radiocristianaenlinea.com\/radiocristiana\/wp-json\/wp\/v2\/posts\/2126\/revisions"}],"predecessor-version":[{"id":2128,"href":"https:\/\/radiocristianaenlinea.com\/radiocristiana\/wp-json\/wp\/v2\/posts\/2126\/revisions\/2128"}],"wp:featuredmedia":[{"embeddable":true,"href":"https:\/\/radiocristianaenlinea.com\/radiocristiana\/wp-json\/wp\/v2\/media\/2127"}],"wp:attachment":[{"href":"https:\/\/radiocristianaenlinea.com\/radiocristiana\/wp-json\/wp\/v2\/media?parent=2126"}],"wp:term":[{"taxonomy":"category","embeddable":true,"href":"https:\/\/radiocristianaenlinea.com\/radiocristiana\/wp-json\/wp\/v2\/categories?post=2126"},{"taxonomy":"post_tag","embeddable":true,"href":"https:\/\/radiocristianaenlinea.com\/radiocristiana\/wp-json\/wp\/v2\/tags?post=2126"}],"curies":[{"name":"wp","href":"https:\/\/api.w.org\/{rel}","templated":true}]}}