{"id":2129,"date":"2017-06-14T12:06:47","date_gmt":"2017-06-14T17:06:47","guid":{"rendered":"https:\/\/radiocristianaenlinea.com\/radiocristiana\/?p=2129"},"modified":"2017-06-14T12:06:47","modified_gmt":"2017-06-14T17:06:47","slug":"la-tienda-de-golosinas","status":"publish","type":"post","link":"https:\/\/radiocristianaenlinea.com\/radiocristiana\/2017\/06\/14\/la-tienda-de-golosinas\/","title":{"rendered":"\u00abLA TIENDA DE GOLOSINAS\u00bb"},"content":{"rendered":"<p><strong>\u00abPuesto que Cristo ha padecido por nosotros en la carne, vosotros tambi\u00e9n armaos del mismo pensamiento; pues quien ha padecido en la carne, termin\u00f3 con el pecado.\u00bb<\/strong><br \/>\n<strong>(1 Pedro 4:1)<\/strong><\/p>\n<div class=\"text_exposed_show\">\n<p>Al principio, esto confunde!!&#8230; Acaso Cristo tuvo que dejar de pecar??&#8230; No!!! El jam\u00e1s pec\u00f3!!!&#8230;<\/p>\n<p><strong>\u00abEl cual no cometi\u00f3 pecado\u00bb <\/strong><br \/>\n<strong>(1 Pedro 2:22).<\/strong><\/p>\n<p>Luego hace clic!!&#8230;Cuando nos armarnos del pensamiento de que Cristo sufri\u00f3 por nosotros, nos damos cuenta de que nosotros morimos con \u00e9l!!<\/p>\n<p><strong>\u00ab\u00c9l mismo llev\u00f3 nuestros pecados en su cuerpo sobre la cruz, a fin de que muramos al pecado y vivamos a la justicia\u00bb <\/strong><br \/>\n<strong>(1 Pedro 2:24).<\/strong><\/p>\n<p>Cuando morimos con \u00e9l, dejamos de pecar!! Esto es emocionante!!&#8230;<\/p>\n<p><strong>\u00ab\u2026sabiendo esto, que nuestro viejo hombre fue crucificado con \u00c9l, para que nuestro cuerpo de pecado fuera destruido, a fin de que ya no seamos esclavos del pecado; porque el que ha muerto, ha sido libertado del pecado\u2026As\u00ed tambi\u00e9n vosotros, consideraos muertos para el pecado, pero vivos para Dios en Cristo Jes\u00fas\u00bb<\/strong><br \/>\n<strong>(Romanos 6:6-7, 11)<\/strong><\/p>\n<p>Si nos damos cuenta estamos bien armados!! As\u00ed que cuando la tentaci\u00f3n de satan\u00e1s venga, tentaci\u00f3n de lujuriar, robar, mentir, codiciar, envidiar, tomar represalias o tener miedo.. arm\u00e9monos de este pensamiento: \u00abCuando mi Se\u00f1or sufri\u00f3 y muri\u00f3 para liberarme del pecado, yo ya mor\u00ed al pecado!!<\/p>\n<p>Amigos!!!&#8230; Cuando satan\u00e1s nos diga&#8230; Por qu\u00e9 te niegas el placer de la lujuria?, Por qu\u00e9 lidiar con estos problemas cuando lo puedes evitar mintiendo?&#8230; Por qu\u00e9 no seguir adelante con ese lujo inofensivo que tanto codicias?&#8230;Por qu\u00e9 no buscar justicia devolviendo el mismo mal que recibiste???<\/p>\n<p>Vamos a responderle&#8230; Jesucristo sufri\u00f3!! para liberarme del pecado!! No creo en absoluto que \u00e9l haya sufrido para hacerme miserable!!&#8230; As\u00ed que, lo que compr\u00f3 con Sangre estoy seguro que es mucho mejor que los placeres del pecado!! Y como yo conf\u00edo en \u00c9l&#8230;<\/p>\n<p>Ya deje de ser presa f\u00e1cil a tus seducciones!!&#8230; As\u00ed que atr\u00e1s, satan\u00e1s!!!<br \/>\nMi boca ya no babea cuando paso por tu tienda de golosinas!!!<\/p>\n<p>DIOS LOS BENDIGA A TODOS!!<\/p>\n<\/div>\n","protected":false},"excerpt":{"rendered":"<p>\u00abPuesto que Cristo ha padecido por nosotros en la carne, vosotros tambi\u00e9n armaos del mismo pensamiento; pues quien ha padecido en la carne, termin\u00f3 con el pecado.\u00bb (1 Pedro 4:1) Al principio, esto confunde!!&#8230; Acaso Cristo tuvo que dejar de pecar??&#8230; No!!! El jam\u00e1s pec\u00f3!!!&#8230; \u00abEl cual no cometi\u00f3 pecado\u00bb (1 Pedro 2:22). Luego hace [&hellip;]<\/p>\n","protected":false},"author":5,"featured_media":2130,"comment_status":"closed","ping_status":"closed","sticky":false,"template":"","format":"standard","meta":{"_crdt_document":"","_monsterinsights_skip_tracking":false,"_monsterinsights_sitenote_active":false,"_monsterinsights_sitenote_note":"","_monsterinsights_sitenote_category":0,"footnotes":""},"categories":[35],"tags":[],"class_list":{"0":"post-2129","1":"post","2":"type-post","3":"status-publish","4":"format-standard","5":"has-post-thumbnail","6":"hentry","7":"category-jon-alvarado","9":"post-with-thumbnail","10":"post-with-thumbnail-large"},"aioseo_notices":[],"_links":{"self":[{"href":"https:\/\/radiocristianaenlinea.com\/radiocristiana\/wp-json\/wp\/v2\/posts\/2129","targetHints":{"allow":["GET"]}}],"collection":[{"href":"https:\/\/radiocristianaenlinea.com\/radiocristiana\/wp-json\/wp\/v2\/posts"}],"about":[{"href":"https:\/\/radiocristianaenlinea.com\/radiocristiana\/wp-json\/wp\/v2\/types\/post"}],"author":[{"embeddable":true,"href":"https:\/\/radiocristianaenlinea.com\/radiocristiana\/wp-json\/wp\/v2\/users\/5"}],"replies":[{"embeddable":true,"href":"https:\/\/radiocristianaenlinea.com\/radiocristiana\/wp-json\/wp\/v2\/comments?post=2129"}],"version-history":[{"count":1,"href":"https:\/\/radiocristianaenlinea.com\/radiocristiana\/wp-json\/wp\/v2\/posts\/2129\/revisions"}],"predecessor-version":[{"id":2131,"href":"https:\/\/radiocristianaenlinea.com\/radiocristiana\/wp-json\/wp\/v2\/posts\/2129\/revisions\/2131"}],"wp:featuredmedia":[{"embeddable":true,"href":"https:\/\/radiocristianaenlinea.com\/radiocristiana\/wp-json\/wp\/v2\/media\/2130"}],"wp:attachment":[{"href":"https:\/\/radiocristianaenlinea.com\/radiocristiana\/wp-json\/wp\/v2\/media?parent=2129"}],"wp:term":[{"taxonomy":"category","embeddable":true,"href":"https:\/\/radiocristianaenlinea.com\/radiocristiana\/wp-json\/wp\/v2\/categories?post=2129"},{"taxonomy":"post_tag","embeddable":true,"href":"https:\/\/radiocristianaenlinea.com\/radiocristiana\/wp-json\/wp\/v2\/tags?post=2129"}],"curies":[{"name":"wp","href":"https:\/\/api.w.org\/{rel}","templated":true}]}}