{"id":2136,"date":"2017-06-15T11:26:35","date_gmt":"2017-06-15T16:26:35","guid":{"rendered":"https:\/\/radiocristianaenlinea.com\/radiocristiana\/?p=2136"},"modified":"2017-06-15T11:26:35","modified_gmt":"2017-06-15T16:26:35","slug":"eres-mas-grande-que-el-temor","status":"publish","type":"post","link":"https:\/\/radiocristianaenlinea.com\/radiocristiana\/2017\/06\/15\/eres-mas-grande-que-el-temor\/","title":{"rendered":"ERES MAS GRANDE QUE EL TEMOR"},"content":{"rendered":"<p><strong>\u201cS\u00e9 fuerte y valiente, porque t\u00fa har\u00e1s que este pueblo herede la tierra que les promet\u00ed a sus antepasados. S\u00f3lo te pido que tengas mucho valor y firmeza para obedecer toda la ley que mi siervo Mois\u00e9s te mand\u00f3. No te apartes de ella para nada; s\u00f3lo as\u00ed tendr\u00e1s \u00e9xito dondequiera que vayas.\u201d <\/strong><br \/>\n<strong>(Josu\u00e9 1:6,7)<\/strong><\/p>\n<div class=\"text_exposed_show\">\n<p>Despu\u00e9s de que muri\u00f3 Mois\u00e9s, Josu\u00e9 fue el sucesor, y tom\u00f3 la direcci\u00f3n del pueblo de Dios hacia la tierra prometida&#8230; \u00c9l era un l\u00edder con las mejores cualidades que debia tener alguien que dirige el destino de un pueblo, sin embargo, Josu\u00e9 sent\u00eda temor!! tal vez por los problemas que tuvo que enfrentar a lo largo de su vida!!&#8230; as\u00ed como nos ocurre a muchos!! Pero a pesar de esto, Qu\u00e9 le hizo cumplir la orden que Dios le dio??&#8230; No dej\u00f3 que el miedo controlara sus decisiones y determinaciones!! Por eso Dios le dijo:<\/p>\n<p><strong>\u201cYa te lo he ordenado: \u00a1S\u00e9 fuerte y valiente! \u00a1No tengas miedo ni te desanimes!\u201d <\/strong><br \/>\n<strong>(Josu\u00e9 1:9)<\/strong><\/p>\n<p>Cuando Dios estaba instruyendo a este muchacho, varias veces le dijo \u201cs\u00e9 fuerte y valiente\u201d Por qu\u00e9 le repet\u00eda esto?&#8230; Porque Josu\u00e9 no lo entend\u00eda?&#8230; Porque era cobarde?&#8230; Pues no!!&#8230; fu\u00e9 porque Dios sab\u00eda que el temor jam\u00e1s dejar\u00eda de atacar!!!<\/p>\n<p>Ser cobarde no es la ausencia de miedo sino el dominio del miedo que te paraliza en todas las \u00e1reas!! y ser valiente es tener la fuerza para llevar adelante una acci\u00f3n a pesar de todo lo que se oponga!!!<\/p>\n<p>Algunos buscan esa fuerza para superar su miedo en la lectura de libros de motivaci\u00f3n o en el consejo de alguien en particular, o quiz\u00e1s en una canci\u00f3n!! etc. pero la fuerza que tiene poder es la que viene del Se\u00f1or!! y lo dice la Biblia en<\/p>\n<p><strong>(Efesios 6:10) \u201cPor lo dem\u00e1s, hermanos m\u00edos, fortaleceos en el Se\u00f1or, y en el poder de su fuerza\u201d<\/strong><\/p>\n<p>Josu\u00e9, fue un hombre de valor y mostr\u00f3 obediencia al trabajo que Dios le asign\u00f3, al igual que \u00e9l, Dios tambi\u00e9n nos ha dado las habilidades y herramientas para superar todas las dificultades que se presenten y cumplir con su voluntad!!<\/p>\n<p>Amigo!!&#8230; No olvides jam\u00e1s que Dios no nos arm\u00f3 con un esp\u00edritu de cobard\u00eda!! sino de poder, amor y dominio propio!!!&#8230; y si el temor te ha paralizado hasta hoy&#8230; toma fuerza en oraci\u00f3n!! y en su Palabra!!&#8230; y puedes estar seguro que eres m\u00e1s grande que el!!<\/p>\n<p><strong>\u201cEn cambio, todos los que me escuchan vivir\u00e1n en paz, tranquilos y sin temor del mal\u201d <\/strong><br \/>\n<strong>(Proverbios 1:33)<\/strong><\/p>\n<p>Nunca lo olvides S\u00e9 fuerte y valiente!!! y da el pr\u00f3ximo paso hacia tu victoria!!<\/p>\n<p>DIOS LOS BENDIGA A TODOS!!<\/p>\n<\/div>\n","protected":false},"excerpt":{"rendered":"<p>\u201cS\u00e9 fuerte y valiente, porque t\u00fa har\u00e1s que este pueblo herede la tierra que les promet\u00ed a sus antepasados. S\u00f3lo te pido que tengas mucho valor y firmeza para obedecer toda la ley que mi siervo Mois\u00e9s te mand\u00f3. No te apartes de ella para nada; s\u00f3lo as\u00ed tendr\u00e1s \u00e9xito dondequiera que vayas.\u201d (Josu\u00e9 1:6,7) [&hellip;]<\/p>\n","protected":false},"author":5,"featured_media":2137,"comment_status":"closed","ping_status":"closed","sticky":false,"template":"","format":"standard","meta":{"_crdt_document":"","_monsterinsights_skip_tracking":false,"_monsterinsights_sitenote_active":false,"_monsterinsights_sitenote_note":"","_monsterinsights_sitenote_category":0,"footnotes":""},"categories":[35],"tags":[],"class_list":{"0":"post-2136","1":"post","2":"type-post","3":"status-publish","4":"format-standard","5":"has-post-thumbnail","6":"hentry","7":"category-jon-alvarado","9":"post-with-thumbnail","10":"post-with-thumbnail-large"},"aioseo_notices":[],"_links":{"self":[{"href":"https:\/\/radiocristianaenlinea.com\/radiocristiana\/wp-json\/wp\/v2\/posts\/2136","targetHints":{"allow":["GET"]}}],"collection":[{"href":"https:\/\/radiocristianaenlinea.com\/radiocristiana\/wp-json\/wp\/v2\/posts"}],"about":[{"href":"https:\/\/radiocristianaenlinea.com\/radiocristiana\/wp-json\/wp\/v2\/types\/post"}],"author":[{"embeddable":true,"href":"https:\/\/radiocristianaenlinea.com\/radiocristiana\/wp-json\/wp\/v2\/users\/5"}],"replies":[{"embeddable":true,"href":"https:\/\/radiocristianaenlinea.com\/radiocristiana\/wp-json\/wp\/v2\/comments?post=2136"}],"version-history":[{"count":1,"href":"https:\/\/radiocristianaenlinea.com\/radiocristiana\/wp-json\/wp\/v2\/posts\/2136\/revisions"}],"predecessor-version":[{"id":2138,"href":"https:\/\/radiocristianaenlinea.com\/radiocristiana\/wp-json\/wp\/v2\/posts\/2136\/revisions\/2138"}],"wp:featuredmedia":[{"embeddable":true,"href":"https:\/\/radiocristianaenlinea.com\/radiocristiana\/wp-json\/wp\/v2\/media\/2137"}],"wp:attachment":[{"href":"https:\/\/radiocristianaenlinea.com\/radiocristiana\/wp-json\/wp\/v2\/media?parent=2136"}],"wp:term":[{"taxonomy":"category","embeddable":true,"href":"https:\/\/radiocristianaenlinea.com\/radiocristiana\/wp-json\/wp\/v2\/categories?post=2136"},{"taxonomy":"post_tag","embeddable":true,"href":"https:\/\/radiocristianaenlinea.com\/radiocristiana\/wp-json\/wp\/v2\/tags?post=2136"}],"curies":[{"name":"wp","href":"https:\/\/api.w.org\/{rel}","templated":true}]}}