{"id":2152,"date":"2017-06-19T01:03:55","date_gmt":"2017-06-19T06:03:55","guid":{"rendered":"https:\/\/radiocristianaenlinea.com\/radiocristiana\/?p=2152"},"modified":"2017-06-19T01:03:55","modified_gmt":"2017-06-19T06:03:55","slug":"levantate-no-te-des-por-vencido","status":"publish","type":"post","link":"https:\/\/radiocristianaenlinea.com\/radiocristiana\/2017\/06\/19\/levantate-no-te-des-por-vencido\/","title":{"rendered":"LEV\u00c1NTATE!! NO TE DES POR VENCIDO!!"},"content":{"rendered":"<p><strong>\u00abNo os acord\u00e9is de las cosas pasadas ni traig\u00e1is a la memoria las cosas antiguas. He aqu\u00ed que yo hago cosa nueva.\u00bb<\/strong><br \/>\n<strong>(Isa\u00edas 43:18-19)<\/strong><\/p>\n<div class=\"text_exposed_show\">\n<p>Por diez a\u00f1os Tom\u00e1s Alba Edison intent\u00f3 construir una bater\u00eda que almacenara cargas el\u00e9ctricas!.. Todos sus esfuerzos, repercutieron en sus finanzas!!&#8230; En Diciembre de 1914, una combusti\u00f3n espont\u00e1nea en su estudio casi lo llev\u00f3 a la ruina!!. En minutos todos los compuestos empacados para discos, cintas y otras sustancias inflamables ardieron en llamas!!&#8230;<\/p>\n<p>Aunque los departamentos de bomberos vinieron de ocho pueblos circundantes, el intenso calor y la poca presi\u00f3n de agua provocaron que fuera in\u00fatil extinguir las llamas!!..<br \/>\nTodo qued\u00f3 destruido y el da\u00f1o excedi\u00f3 a los 2 millones de d\u00f3lares!!!<\/p>\n<p>Charles, el hijo del inventor, busc\u00f3 con desesperaci\u00f3n a su padre, temeroso de que su esp\u00edritu resultara da\u00f1ado!!&#8230; Finalmente lo encontr\u00f3 contemplando con serenidad el fuego, su rostro resplandec\u00eda mientras reflexionaba!!&#8230;<br \/>\n\u00abMi coraz\u00f3n se dol\u00eda por \u00e9l\u00bb&#8230; dec\u00eda Charles, pues su padre ten\u00eda 60 a\u00f1os, ya no era un joven y todo ard\u00eda en llamas!!<\/p>\n<p>A la ma\u00f1ana siguiente, Edison contempl\u00f3 las ruinas y dijo&#8230;<br \/>\n\u00abUna experiencia nunca es un fracaso, pues siempre viene a demostrar algo\u00bb&#8230;<br \/>\nTres semanas despu\u00e9s del incendio, Edison se las ingeni\u00f3 para inventar el primer fon\u00f3grafo!!&#8230;<\/p>\n<p>Probablemente hoy te encuentres atravesando una situaci\u00f3n muy dif\u00edcil, pero sabes qu\u00e9?&#8230; no te concentres en eso!!, menos en su tama\u00f1o!! porque tienes un Dios Todopoderoso que no conoce imposibles!! y que prometi\u00f3 estar contigo siempre, en los buenos y malos momentos que tengas que enfrentar!!<\/p>\n<p>Siempre recuerda que ni una hoja se cae sino est\u00e1 en su voluntad y que \u00c9l tiene el control de todo!!&#8230; \u00e9sta prueba tiene un prop\u00f3sito en tu vida!!&#8230; No le sigas preguntando a Dios&#8230; Por qu\u00e9? preg\u00fantale&#8230; Para qu\u00e9?, El quiere ense\u00f1arte algo en esta ocasi\u00f3n!!<\/p>\n<p>Amigo!!&#8230; Esta prueba no durar\u00e1 para siempre, pero mientras dura, aprende a confiar y depender totalmente de Dios!! de modo que tu fe crezca y pases a otro nivel espiritual!!<\/p>\n<p>DIOS LOS BENDIGA A TODOS!!<\/p>\n<\/div>\n","protected":false},"excerpt":{"rendered":"<p>\u00abNo os acord\u00e9is de las cosas pasadas ni traig\u00e1is a la memoria las cosas antiguas. He aqu\u00ed que yo hago cosa nueva.\u00bb (Isa\u00edas 43:18-19) Por diez a\u00f1os Tom\u00e1s Alba Edison intent\u00f3 construir una bater\u00eda que almacenara cargas el\u00e9ctricas!.. Todos sus esfuerzos, repercutieron en sus finanzas!!&#8230; En Diciembre de 1914, una combusti\u00f3n espont\u00e1nea en su estudio [&hellip;]<\/p>\n","protected":false},"author":5,"featured_media":2153,"comment_status":"closed","ping_status":"closed","sticky":false,"template":"","format":"standard","meta":{"_crdt_document":"","_monsterinsights_skip_tracking":false,"_monsterinsights_sitenote_active":false,"_monsterinsights_sitenote_note":"","_monsterinsights_sitenote_category":0,"footnotes":""},"categories":[35],"tags":[],"class_list":{"0":"post-2152","1":"post","2":"type-post","3":"status-publish","4":"format-standard","5":"has-post-thumbnail","6":"hentry","7":"category-jon-alvarado","9":"post-with-thumbnail","10":"post-with-thumbnail-large"},"aioseo_notices":[],"_links":{"self":[{"href":"https:\/\/radiocristianaenlinea.com\/radiocristiana\/wp-json\/wp\/v2\/posts\/2152","targetHints":{"allow":["GET"]}}],"collection":[{"href":"https:\/\/radiocristianaenlinea.com\/radiocristiana\/wp-json\/wp\/v2\/posts"}],"about":[{"href":"https:\/\/radiocristianaenlinea.com\/radiocristiana\/wp-json\/wp\/v2\/types\/post"}],"author":[{"embeddable":true,"href":"https:\/\/radiocristianaenlinea.com\/radiocristiana\/wp-json\/wp\/v2\/users\/5"}],"replies":[{"embeddable":true,"href":"https:\/\/radiocristianaenlinea.com\/radiocristiana\/wp-json\/wp\/v2\/comments?post=2152"}],"version-history":[{"count":1,"href":"https:\/\/radiocristianaenlinea.com\/radiocristiana\/wp-json\/wp\/v2\/posts\/2152\/revisions"}],"predecessor-version":[{"id":2154,"href":"https:\/\/radiocristianaenlinea.com\/radiocristiana\/wp-json\/wp\/v2\/posts\/2152\/revisions\/2154"}],"wp:featuredmedia":[{"embeddable":true,"href":"https:\/\/radiocristianaenlinea.com\/radiocristiana\/wp-json\/wp\/v2\/media\/2153"}],"wp:attachment":[{"href":"https:\/\/radiocristianaenlinea.com\/radiocristiana\/wp-json\/wp\/v2\/media?parent=2152"}],"wp:term":[{"taxonomy":"category","embeddable":true,"href":"https:\/\/radiocristianaenlinea.com\/radiocristiana\/wp-json\/wp\/v2\/categories?post=2152"},{"taxonomy":"post_tag","embeddable":true,"href":"https:\/\/radiocristianaenlinea.com\/radiocristiana\/wp-json\/wp\/v2\/tags?post=2152"}],"curies":[{"name":"wp","href":"https:\/\/api.w.org\/{rel}","templated":true}]}}