{"id":2170,"date":"2017-06-21T14:46:14","date_gmt":"2017-06-21T19:46:14","guid":{"rendered":"https:\/\/radiocristianaenlinea.com\/radiocristiana\/?p=2170"},"modified":"2017-06-21T14:46:14","modified_gmt":"2017-06-21T19:46:14","slug":"con-mis-ojos-puestos-en-ti","status":"publish","type":"post","link":"https:\/\/radiocristianaenlinea.com\/radiocristiana\/2017\/06\/21\/con-mis-ojos-puestos-en-ti\/","title":{"rendered":"CON MIS OJOS PUESTOS EN TI"},"content":{"rendered":"<p><strong>Y corramos con perseverancia la carrera que Dios nos ha puesto por delante. Esto lo hacemos al fijar la mirada en Jes\u00fas, el campe\u00f3n que inicia y perfecciona nuestra fe.\u201d <\/strong><br \/>\n<strong>(Hebreos 12:1-2)<\/strong><\/p>\n<div class=\"text_exposed_show\">\n<p>Comenz\u00f3 un gran marat\u00f3n!!\u2026 a medida que avanzan los corredores, se van formado 3 grupos, un primer grupo que despu\u00e9s de correr las primeras millas ya se encuentra agotado y rendido!!&#8230; El segundo est\u00e1 avanzando pero muy lentamente, est\u00e1n dudando si se retiran o si siguen!!.. pero el tercer y \u00faltimo grupo se est\u00e1 esforzando por seguir el ritmo, manteniendo el buen \u00e1nimo para llegar a la meta.!!<br \/>\n\u2026 es muy predecible qu\u00e9 grupo ha llegado a la meta cierto?\u2026<\/p>\n<p>Se sabe que un atleta fija su meta antes de empezar la marcha! en este caso estos tres grupos empezaron bien\u2026 partieron por igual\u2026 pero, qu\u00e9 hizo que no todos llegaran a cumplir con su prop\u00f3sito?\u2026 Las adversidades?\u2026 Cansancio?\u2026 Sin duda en el camino se encontraron con dificultades y seguro que la meta dejo de estar en su mente como prioridad y fue remplazada por otra cosa que tom\u00f3 ventaja!! dej\u00e1ndolos en el camino!!.<\/p>\n<p>En nuestro caso\u2026 para mantenernos en la carrera de la vida tenemos que fijar la mirada en Jes\u00fas centr\u00e1ndonos en Su Palabra!! y en sus estatutos porque funcionan como gu\u00edas en nuestra carrera\u2026 Pero esto requiere de DISCIPLINA (conjunto de normas, que ordena y organiza el comportamiento y la conducta del ser humano.)<\/p>\n<p>La Biblia dice que Dios es el que nos corrige!! pero ojo!\u2026 no lo hace con odio o con ira!!,<\/p>\n<p><strong>\u201c\u00bfAcaso olvidaron las palabras de aliento con que Dios les habl\u00f3 a ustedes como a hijos? \u00c9l dijo: Hijo m\u00edo, no tomes a la ligera la disciplina del Se\u00f1or y no te des por vencido cuando te corrija. Pues el Se\u00f1or disciplina a los que ama y castiga a todo el que recibe como hijo\u201d <\/strong><br \/>\n<strong>(Hebreos 12:5-6)<\/strong><\/p>\n<p>No hay duda!\u2026 necesitamos ser disciplinados, en todo, y no tomar a la ligera la correcci\u00f3n!!, la confrontaci\u00f3n e inclusive la reprensi\u00f3n!!, porque esto nos ayuda a tener una madurez integral!!<\/p>\n<p>Hay una frase muy famosa que dice \u201cLa pr\u00e1ctica hace al maestro\u201d y es as\u00ed que la pr\u00e1ctica de la palabra de Dios hace la disciplina en nuestra vida y como resultado tendremos paz y bendici\u00f3n en todo!!<\/p>\n<p>As\u00ed que Amigo!!\u2026 Si tu mirada no estuvo puesta en la Palabra como gu\u00eda antes?\u2026<br \/>\nhoy es el d\u00eda para comenzar!! o bien si a\u00fan poniendo tu mirada en la palabra, no has desarrollado la disciplina, hoy es el d\u00eda para ponerlo en pr\u00e1ctica!!!<\/p>\n<p>Corramos como el tercer grupo, con la meta en nuestra mente, sin que nada pueda afectar o desviar la mirada de aqu\u00e9l que nos ama!! Dios!! y no olvides que la meta y la disciplina siempre van de la mano.<\/p>\n<p>DIOS LOS BENDIGA A TODOS<\/p>\n<\/div>\n","protected":false},"excerpt":{"rendered":"<p>Y corramos con perseverancia la carrera que Dios nos ha puesto por delante. Esto lo hacemos al fijar la mirada en Jes\u00fas, el campe\u00f3n que inicia y perfecciona nuestra fe.\u201d (Hebreos 12:1-2) Comenz\u00f3 un gran marat\u00f3n!!\u2026 a medida que avanzan los corredores, se van formado 3 grupos, un primer grupo que despu\u00e9s de correr las [&hellip;]<\/p>\n","protected":false},"author":5,"featured_media":2171,"comment_status":"closed","ping_status":"closed","sticky":false,"template":"","format":"standard","meta":{"_crdt_document":"","_monsterinsights_skip_tracking":false,"_monsterinsights_sitenote_active":false,"_monsterinsights_sitenote_note":"","_monsterinsights_sitenote_category":0,"footnotes":""},"categories":[35],"tags":[],"class_list":{"0":"post-2170","1":"post","2":"type-post","3":"status-publish","4":"format-standard","5":"has-post-thumbnail","6":"hentry","7":"category-jon-alvarado","9":"post-with-thumbnail","10":"post-with-thumbnail-large"},"aioseo_notices":[],"_links":{"self":[{"href":"https:\/\/radiocristianaenlinea.com\/radiocristiana\/wp-json\/wp\/v2\/posts\/2170","targetHints":{"allow":["GET"]}}],"collection":[{"href":"https:\/\/radiocristianaenlinea.com\/radiocristiana\/wp-json\/wp\/v2\/posts"}],"about":[{"href":"https:\/\/radiocristianaenlinea.com\/radiocristiana\/wp-json\/wp\/v2\/types\/post"}],"author":[{"embeddable":true,"href":"https:\/\/radiocristianaenlinea.com\/radiocristiana\/wp-json\/wp\/v2\/users\/5"}],"replies":[{"embeddable":true,"href":"https:\/\/radiocristianaenlinea.com\/radiocristiana\/wp-json\/wp\/v2\/comments?post=2170"}],"version-history":[{"count":1,"href":"https:\/\/radiocristianaenlinea.com\/radiocristiana\/wp-json\/wp\/v2\/posts\/2170\/revisions"}],"predecessor-version":[{"id":2172,"href":"https:\/\/radiocristianaenlinea.com\/radiocristiana\/wp-json\/wp\/v2\/posts\/2170\/revisions\/2172"}],"wp:featuredmedia":[{"embeddable":true,"href":"https:\/\/radiocristianaenlinea.com\/radiocristiana\/wp-json\/wp\/v2\/media\/2171"}],"wp:attachment":[{"href":"https:\/\/radiocristianaenlinea.com\/radiocristiana\/wp-json\/wp\/v2\/media?parent=2170"}],"wp:term":[{"taxonomy":"category","embeddable":true,"href":"https:\/\/radiocristianaenlinea.com\/radiocristiana\/wp-json\/wp\/v2\/categories?post=2170"},{"taxonomy":"post_tag","embeddable":true,"href":"https:\/\/radiocristianaenlinea.com\/radiocristiana\/wp-json\/wp\/v2\/tags?post=2170"}],"curies":[{"name":"wp","href":"https:\/\/api.w.org\/{rel}","templated":true}]}}