{"id":2173,"date":"2017-06-21T15:31:23","date_gmt":"2017-06-21T20:31:23","guid":{"rendered":"https:\/\/radiocristianaenlinea.com\/radiocristiana\/?p=2173"},"modified":"2017-06-21T15:31:23","modified_gmt":"2017-06-21T20:31:23","slug":"devocional-del-14-de-junio-2017","status":"publish","type":"post","link":"https:\/\/radiocristianaenlinea.com\/radiocristiana\/2017\/06\/21\/devocional-del-14-de-junio-2017\/","title":{"rendered":"Devocional del 14 de Junio 2017."},"content":{"rendered":"<p class=\"p1\"><span class=\"s1\"><b>Por tanto, es menester que con m\u00e1s diligencia atendamos a las cosas que hemos o\u00eddo, porque acaso no nos escurramos.<\/b><\/span><\/p>\n<p class=\"p1\"><span class=\"s1\"><b>HEBREOS 9:1<\/b><\/span><\/p>\n<p class=\"p1\"><span class=\"s1\">Si los hijos de Dios esperan escuchar m\u00e1s de las palabras de bondad y de verdad, deben atender con diligencia la verdad que ya hab\u00eda escuchado concerniente al sacrificio de sangre.<\/span><\/p>\n<p class=\"p1\"><span class=\"s1\">Esta es la primera forma de expresar gratitud a Dios.<\/span><\/p>\n<p class=\"p1\"><span class=\"s1\">Abraham, por ejemplo, al obedecer el llamado de Jehov\u00e1 Dios de subir al monte Moriah, hizo una demostraci\u00f3n visible de la gran preocupaci\u00f3n que ten\u00eda de atender con vehemencia la Palabra del Se\u00f1or Jehov\u00e1.<\/span><\/p>\n<p class=\"p1\"><span class=\"s1\">\u00c9l record\u00f3 lo que hab\u00eda o\u00eddo acerca del sacrificio de sangre.<\/span><\/p>\n<p class=\"p1\"><span class=\"s1\">Su obediencia mostr\u00f3 que diligentemente atend\u00eda la verdad de que Jehov\u00e1 Dios es el Due\u00f1o y Se\u00f1or de toda vida, incluyendo la de su hijo Isaac.<\/span><\/p>\n<p class=\"p1\"><span class=\"s1\">Dios bendiga su vida ?<\/span><\/p>\n<p class=\"p3\">\n","protected":false},"excerpt":{"rendered":"<p>Por tanto, es menester que con m\u00e1s diligencia atendamos a las cosas que hemos o\u00eddo, porque acaso no nos escurramos. HEBREOS 9:1 Si los hijos de Dios esperan escuchar m\u00e1s de las palabras de bondad y de verdad, deben atender con diligencia la verdad que ya hab\u00eda escuchado concerniente al sacrificio de sangre. Esta es [&hellip;]<\/p>\n","protected":false},"author":5,"featured_media":2174,"comment_status":"closed","ping_status":"closed","sticky":false,"template":"","format":"standard","meta":{"_crdt_document":"","_monsterinsights_skip_tracking":false,"_monsterinsights_sitenote_active":false,"_monsterinsights_sitenote_note":"","_monsterinsights_sitenote_category":0,"footnotes":""},"categories":[38],"tags":[],"class_list":{"0":"post-2173","1":"post","2":"type-post","3":"status-publish","4":"format-standard","5":"has-post-thumbnail","6":"hentry","7":"category-pastor-oscar-sanchez","9":"post-with-thumbnail","10":"post-with-thumbnail-large"},"aioseo_notices":[],"_links":{"self":[{"href":"https:\/\/radiocristianaenlinea.com\/radiocristiana\/wp-json\/wp\/v2\/posts\/2173","targetHints":{"allow":["GET"]}}],"collection":[{"href":"https:\/\/radiocristianaenlinea.com\/radiocristiana\/wp-json\/wp\/v2\/posts"}],"about":[{"href":"https:\/\/radiocristianaenlinea.com\/radiocristiana\/wp-json\/wp\/v2\/types\/post"}],"author":[{"embeddable":true,"href":"https:\/\/radiocristianaenlinea.com\/radiocristiana\/wp-json\/wp\/v2\/users\/5"}],"replies":[{"embeddable":true,"href":"https:\/\/radiocristianaenlinea.com\/radiocristiana\/wp-json\/wp\/v2\/comments?post=2173"}],"version-history":[{"count":1,"href":"https:\/\/radiocristianaenlinea.com\/radiocristiana\/wp-json\/wp\/v2\/posts\/2173\/revisions"}],"predecessor-version":[{"id":2175,"href":"https:\/\/radiocristianaenlinea.com\/radiocristiana\/wp-json\/wp\/v2\/posts\/2173\/revisions\/2175"}],"wp:featuredmedia":[{"embeddable":true,"href":"https:\/\/radiocristianaenlinea.com\/radiocristiana\/wp-json\/wp\/v2\/media\/2174"}],"wp:attachment":[{"href":"https:\/\/radiocristianaenlinea.com\/radiocristiana\/wp-json\/wp\/v2\/media?parent=2173"}],"wp:term":[{"taxonomy":"category","embeddable":true,"href":"https:\/\/radiocristianaenlinea.com\/radiocristiana\/wp-json\/wp\/v2\/categories?post=2173"},{"taxonomy":"post_tag","embeddable":true,"href":"https:\/\/radiocristianaenlinea.com\/radiocristiana\/wp-json\/wp\/v2\/tags?post=2173"}],"curies":[{"name":"wp","href":"https:\/\/api.w.org\/{rel}","templated":true}]}}