{"id":2179,"date":"2017-06-22T14:53:30","date_gmt":"2017-06-22T19:53:30","guid":{"rendered":"https:\/\/radiocristianaenlinea.com\/radiocristiana\/?p=2179"},"modified":"2017-06-22T14:53:30","modified_gmt":"2017-06-22T19:53:30","slug":"decepcionado","status":"publish","type":"post","link":"https:\/\/radiocristianaenlinea.com\/radiocristiana\/2017\/06\/22\/decepcionado\/","title":{"rendered":"DECEPCIONADO"},"content":{"rendered":"<p>Un hombre se perdi\u00f3 en un bosque&#8230; y aunque pidi\u00f3 con desesperaci\u00f3n ayuda&#8230; nadie vino a su rescate!!&#8230; en vista de ello construy\u00f3 una peque\u00f1a choza para sobrevivir y algunas cosas para su utilidad, pero de repente hizo un viento muy fuerte que provoc\u00f3 que el fuego de la fogata terminara incendiando todo el lugar!!&#8230; aquel hombre decepcionado, se enojo con Dios! y se entristeci\u00f3 mucho!!&#8230;<\/p>\n<p>Despu\u00e9s de unas horas llego un barco directamente al lugar donde <span class=\"text_exposed_show\">se encontraba aquel hombre para rescatarlo, y sorprendido le pregunt\u00f3.. C\u00f3mo me encontr\u00f3? Y el due\u00f1o del barco le dijo&#8230; \u201cEs que vi la se\u00f1ales de humo que hiciste y r\u00e1pidamente pudimos dar contigo!\u201d &#8230;<\/span><\/p>\n<div class=\"text_exposed_show\">\n<p>Esta historia me record\u00f3 una historia de la Biblia&#8230;<\/p>\n<p><strong>\u201c\u2026Y anduvieron tres d\u00edas por el desierto sin hallar agua. Y llegaron a Mara, y no pudieron beber las aguas de Mara, porque eran amargas; por eso le pusieron el nombre de Mara. Entonces el pueblo murmur\u00f3 contra Mois\u00e9s, y dijo: \u00bfQu\u00e9 hemos de beber?\u201d <\/strong><br \/>\n<strong>(\u00c9xodo 15:22-24)<\/strong><\/p>\n<p>El pueblo de Dios estaba caminando ya tres d\u00edas por el desierto, sin tener lo m\u00e1s b\u00e1sico para sobrevivir&#8230; No ten\u00edan agua!!, a la distancia vieron un pozo y me imagino la gran desesperaci\u00f3n que tuvieron de saciar su sed!!&#8230; lo malo fue que aquella agua no se pod\u00eda beber porque era amarga!!&#8230; tal fue su decepci\u00f3n que comenzaron a murmurar contra Dios y contra Mois\u00e9s\u2026<\/p>\n<p><strong>\u201cY Mois\u00e9s clam\u00f3 a Jehov\u00e1, y Jehov\u00e1 le mostr\u00f3 un \u00e1rbol; y lo ech\u00f3 en las aguas, y las aguas se endulzaron. All\u00ed les dio estatutos y ordenanzas, y all\u00ed los prob\u00f3\u201d <\/strong><br \/>\n<strong>(\u00c9xodo 15:25)<\/strong><\/p>\n<p>La verdad es que la decepci\u00f3n es una prueba que todos tenemos que pasar!!, porque ah\u00ed podemos ver qu\u00e9 tan fuertes somos en Dios!!&#8230; el pueblo de Dios reaccion\u00f3 de manera negativa! pero Mois\u00e9s sabia que Dios pod\u00eda cambiar lo amargo en dulce, lo negativo en positivo!!, la pregunta es&#8230; T\u00fa de verdad crees que Dios puede hacer eso?&#8230; Cu\u00e1l es tu actitud?&#8230; Est\u00e1s saliendo victorioso de esta prueba? O te est\u00e1s quejando!??&#8230;<\/p>\n<p><strong>\u00abJes\u00fas le dijo: Si puedes creer, al que cree todo le es posible.\u00bb<\/strong><br \/>\n<strong>(Marcos 9:23)<\/strong><\/p>\n<p>Amigo!!&#8230; Tal vez estas enojado con Dios!!&#8230; sin embargo, sabes que lo necesitas!&#8230; que tarde o temprano tienes que volver a sus pies!! y deseo de coraz\u00f3n que sea pronto!!, porque tal vez no puedas acortar una prueba, pero si puedes alargarla con ese enojo!!&#8230;<\/p>\n<p>La soluci\u00f3n es sencilla!!.. Solamente dile&#8230; \u201cDios!&#8230; estoy actuando mal!! Estoy decepcionado!! Por favor perd\u00f3name! y ay\u00fadame a confiar en tu prop\u00f3sito aunque no lo vea!! ay\u00fadame a enfrentar esta prueba y salir en victoria en tu Nombre!!&#8230;<\/p>\n<p>Por favor nunca olvides que Dios tiene el control y si Dios te quita algo bueno&#8230; es para darte algo mejor!!!<\/p>\n<p>DIOS LOS BENDIGA A TODOS!!<\/p>\n<\/div>\n","protected":false},"excerpt":{"rendered":"<p>Un hombre se perdi\u00f3 en un bosque&#8230; y aunque pidi\u00f3 con desesperaci\u00f3n ayuda&#8230; nadie vino a su rescate!!&#8230; en vista de ello construy\u00f3 una peque\u00f1a choza para sobrevivir y algunas cosas para su utilidad, pero de repente hizo un viento muy fuerte que provoc\u00f3 que el fuego de la fogata terminara incendiando todo el lugar!!&#8230; [&hellip;]<\/p>\n","protected":false},"author":5,"featured_media":2180,"comment_status":"closed","ping_status":"closed","sticky":false,"template":"","format":"standard","meta":{"_crdt_document":"","_monsterinsights_skip_tracking":false,"_monsterinsights_sitenote_active":false,"_monsterinsights_sitenote_note":"","_monsterinsights_sitenote_category":0,"footnotes":""},"categories":[35],"tags":[],"class_list":{"0":"post-2179","1":"post","2":"type-post","3":"status-publish","4":"format-standard","5":"has-post-thumbnail","6":"hentry","7":"category-jon-alvarado","9":"post-with-thumbnail","10":"post-with-thumbnail-large"},"aioseo_notices":[],"_links":{"self":[{"href":"https:\/\/radiocristianaenlinea.com\/radiocristiana\/wp-json\/wp\/v2\/posts\/2179","targetHints":{"allow":["GET"]}}],"collection":[{"href":"https:\/\/radiocristianaenlinea.com\/radiocristiana\/wp-json\/wp\/v2\/posts"}],"about":[{"href":"https:\/\/radiocristianaenlinea.com\/radiocristiana\/wp-json\/wp\/v2\/types\/post"}],"author":[{"embeddable":true,"href":"https:\/\/radiocristianaenlinea.com\/radiocristiana\/wp-json\/wp\/v2\/users\/5"}],"replies":[{"embeddable":true,"href":"https:\/\/radiocristianaenlinea.com\/radiocristiana\/wp-json\/wp\/v2\/comments?post=2179"}],"version-history":[{"count":1,"href":"https:\/\/radiocristianaenlinea.com\/radiocristiana\/wp-json\/wp\/v2\/posts\/2179\/revisions"}],"predecessor-version":[{"id":2181,"href":"https:\/\/radiocristianaenlinea.com\/radiocristiana\/wp-json\/wp\/v2\/posts\/2179\/revisions\/2181"}],"wp:featuredmedia":[{"embeddable":true,"href":"https:\/\/radiocristianaenlinea.com\/radiocristiana\/wp-json\/wp\/v2\/media\/2180"}],"wp:attachment":[{"href":"https:\/\/radiocristianaenlinea.com\/radiocristiana\/wp-json\/wp\/v2\/media?parent=2179"}],"wp:term":[{"taxonomy":"category","embeddable":true,"href":"https:\/\/radiocristianaenlinea.com\/radiocristiana\/wp-json\/wp\/v2\/categories?post=2179"},{"taxonomy":"post_tag","embeddable":true,"href":"https:\/\/radiocristianaenlinea.com\/radiocristiana\/wp-json\/wp\/v2\/tags?post=2179"}],"curies":[{"name":"wp","href":"https:\/\/api.w.org\/{rel}","templated":true}]}}