{"id":2227,"date":"2017-06-30T14:27:20","date_gmt":"2017-06-30T19:27:20","guid":{"rendered":"https:\/\/radiocristianaenlinea.com\/radiocristiana\/?p=2227"},"modified":"2017-07-08T20:42:26","modified_gmt":"2017-07-09T01:42:26","slug":"inseguro","status":"publish","type":"post","link":"https:\/\/radiocristianaenlinea.com\/radiocristiana\/2017\/06\/30\/inseguro\/","title":{"rendered":"\u00bfINSEGURO?"},"content":{"rendered":"<p>Hoy en d\u00eda las aseguradoras ofrecen sus servicios para contrarrestar la inseguridad que el hombre siente a diario!&#8230;<br \/>\nEst\u00e1s protegido??&#8230; es una pregunta importante en nuestros tiempos!&#8230; Las empresas ponen a nuestra disposici\u00f3n diferentes ofertas para alcanzar la tan preciada \u00abseguridad\u00bb!!&#8230;<\/p>\n<div class=\"text_exposed_show\">\n<p>En los tiempos antiguos el fuego lo utilizaban como protecci\u00f3n contra el frio, pero tambi\u00e9n para ahuyentar los animales salvajes!&#8230; En la actualidad, el hombre ha creado una diversidad de armas para protegerse principalmente de los enemigos de su misma especie&#8230;<\/p>\n<p>No podemos negar que tenemos una gran necesidad por sentirnos protegidos!!&#8230; Tenemos enemigos tan peque\u00f1os como los virus y bacterias, los cuales tambi\u00e9n siembran temor a\u00fan a pesar de las vacunas que se han creado!!&#8230;<br \/>\nes necesario proteger a los animales, el ambiente, los derechos de autor, los autom\u00f3viles, los dep\u00f3sitos bancarios, datos inform\u00e1ticos y por ultimo hasta los sistemas de protecci\u00f3n!!&#8230;<br \/>\nTodo esto, necesita ser protegido!!&#8230;<\/p>\n<p>Ahora bien, si el hombre es capaz de crear todas estas t\u00e9cnicas, maneras y objetos para protegerse y prevenir&#8230; crees que Dios no habr\u00e1 creado algo mejor y m\u00e1s excelente para cuidar de sus hijos?<\/p>\n<p><strong>\u00c9l nos dio todo para protegernos de cualquier ataque que el enemigo ponga en nuestra contra!! \u00c9l dijo:<\/strong><\/p>\n<p><strong>\u00abyo soy tu escudo, y tu galard\u00f3n ser\u00e1 sobremanera grande.\u201d\u00a0<\/strong><br \/>\n<strong>(G\u00e9nesis 15:1)<\/strong><\/p>\n<p>No solo pens\u00f3 en c\u00f3mo podr\u00edamos resguardarnos y no ser derribados sino tambi\u00e9n en como poder luchar contra esto y aprender el m\u00e9todo de ataque!!&#8230;<\/p>\n<p>Para mantenernos firmes, fuertes, confiados y vencedores nos ci\u00f1\u00f3 los lomos con la verdad!!, nos puso la coraza de Justicia, nos calz\u00f3 los pies con el Evangelio de la Paz, nos otorg\u00f3 el yelmo de la Salvaci\u00f3n, nos dio el escudo de la fe y para luchar puso en nuestras manos la mejor espada!!&#8230; Su Palabra!!&#8230;<\/p>\n<p>No existe mayor resguardo que el que Dios nos dio para resistir cualquier, ataque, problema y tribulaci\u00f3n!!&#8230;<\/p>\n<p>Amigo!!&#8230; Comienza a usarlo!!, prot\u00e9gete y ataca!.. Dios te prometi\u00f3 la victoria!!, eres su hijo, as\u00ed que act\u00faa como tal!!, deja de sentirte desprotegido y con temor!, pelea la buena batalla que de la guerra se encarga Dios!!<\/p>\n<p><strong>\u201cPor tanto tomad toda la armadura de Dios, para que pod\u00e1is resistir en el d\u00eda malo y habiendo acabado todo estad firmes.\u201d\u00a0<\/strong><br \/>\n<strong>(Efesios 6:13)<\/strong><\/p>\n<p>DIOS LOS BENDIGA A TODOS Y QUE TENGAN UN EXCELENTE FIN DE SEMANA!!<\/p>\n<\/div>\n","protected":false},"excerpt":{"rendered":"<p>Hoy en d\u00eda las aseguradoras ofrecen sus servicios para contrarrestar la inseguridad que el hombre siente a diario!&#8230; Est\u00e1s protegido??&#8230; es una pregunta importante en nuestros tiempos!&#8230; Las empresas ponen a nuestra disposici\u00f3n diferentes ofertas para alcanzar la tan preciada \u00abseguridad\u00bb!!&#8230; En los tiempos antiguos el fuego lo utilizaban como protecci\u00f3n contra el frio, pero [&hellip;]<\/p>\n","protected":false},"author":5,"featured_media":2228,"comment_status":"closed","ping_status":"closed","sticky":false,"template":"","format":"standard","meta":{"_crdt_document":"","_monsterinsights_skip_tracking":false,"_monsterinsights_sitenote_active":false,"_monsterinsights_sitenote_note":"","_monsterinsights_sitenote_category":0,"footnotes":""},"categories":[35],"tags":[101,96,98,95,94,99,48,72,100,97],"class_list":{"0":"post-2227","1":"post","2":"type-post","3":"status-publish","4":"format-standard","5":"has-post-thumbnail","6":"hentry","7":"category-jon-alvarado","8":"tag-dios-te-prometio-la-victoria","9":"tag-efesios-613","10":"tag-evangelio-de-la-paz","11":"tag-genesis-151","12":"tag-inseguro","13":"tag-la-mejor-espada","14":"tag-radiocristianaenlinea","15":"tag-radiocristianaenlinea-com","16":"tag-su-palabra","17":"tag-yo-soy-tu-escudo","19":"post-with-thumbnail","20":"post-with-thumbnail-large"},"aioseo_notices":[],"_links":{"self":[{"href":"https:\/\/radiocristianaenlinea.com\/radiocristiana\/wp-json\/wp\/v2\/posts\/2227","targetHints":{"allow":["GET"]}}],"collection":[{"href":"https:\/\/radiocristianaenlinea.com\/radiocristiana\/wp-json\/wp\/v2\/posts"}],"about":[{"href":"https:\/\/radiocristianaenlinea.com\/radiocristiana\/wp-json\/wp\/v2\/types\/post"}],"author":[{"embeddable":true,"href":"https:\/\/radiocristianaenlinea.com\/radiocristiana\/wp-json\/wp\/v2\/users\/5"}],"replies":[{"embeddable":true,"href":"https:\/\/radiocristianaenlinea.com\/radiocristiana\/wp-json\/wp\/v2\/comments?post=2227"}],"version-history":[{"count":1,"href":"https:\/\/radiocristianaenlinea.com\/radiocristiana\/wp-json\/wp\/v2\/posts\/2227\/revisions"}],"predecessor-version":[{"id":2229,"href":"https:\/\/radiocristianaenlinea.com\/radiocristiana\/wp-json\/wp\/v2\/posts\/2227\/revisions\/2229"}],"wp:featuredmedia":[{"embeddable":true,"href":"https:\/\/radiocristianaenlinea.com\/radiocristiana\/wp-json\/wp\/v2\/media\/2228"}],"wp:attachment":[{"href":"https:\/\/radiocristianaenlinea.com\/radiocristiana\/wp-json\/wp\/v2\/media?parent=2227"}],"wp:term":[{"taxonomy":"category","embeddable":true,"href":"https:\/\/radiocristianaenlinea.com\/radiocristiana\/wp-json\/wp\/v2\/categories?post=2227"},{"taxonomy":"post_tag","embeddable":true,"href":"https:\/\/radiocristianaenlinea.com\/radiocristiana\/wp-json\/wp\/v2\/tags?post=2227"}],"curies":[{"name":"wp","href":"https:\/\/api.w.org\/{rel}","templated":true}]}}