{"id":2242,"date":"2017-07-03T14:23:01","date_gmt":"2017-07-03T19:23:01","guid":{"rendered":"https:\/\/radiocristianaenlinea.com\/radiocristiana\/?p=2242"},"modified":"2017-07-04T10:00:50","modified_gmt":"2017-07-04T15:00:50","slug":"se-como-un-arbol","status":"publish","type":"post","link":"https:\/\/radiocristianaenlinea.com\/radiocristiana\/2017\/07\/03\/se-como-un-arbol\/","title":{"rendered":"SE COMO UN \u00c1RBOL"},"content":{"rendered":"<p>Cuando El Fuego<br \/>\n?????<br \/>\nPasa Por la Selva<br \/>\n??????<br \/>\nTodos Corren&#8230;<br \/>\n????????<br \/>\n??????<br \/>\nEl Hombre Corre,<br \/>\n????????????<br \/>\nLos P\u00e1jaros Vuelan<br \/>\nPara Otro Abrigo<br \/>\n??????<br \/>\nY Hasta El Le\u00f3n, Por M\u00e1s Fuerte, Dominador<br \/>\nY Temido De La Selva,<br \/>\nTambi\u00e9n Corre.<br \/>\n??????<br \/>\nEl \u00danico Que No Corre Es El \u00c1rbol.<br \/>\n??????<br \/>\nEl Fuego Pregunta Al \u00c1rbol:<br \/>\n??????<br \/>\n&#8211; \u00c1rbol, Todos Corrieron Y Usted No<br \/>\nVa a Correr?<br \/>\n??????<br \/>\nEl \u00c1rbol Responde:<br \/>\n&#8211; Yo Soy \u00c1rbol Plantado Por Dios, Usted Pasar\u00e1 Por M\u00ed.<br \/>\n?????????<br \/>\nQuemar\u00e1 Mis Frutos Y Hojas.<br \/>\n????????<br \/>\n?????????<br \/>\nPero&#8230; Dentro De Algunos Meses Yo Vuelvo A Florecer.<br \/>\n??????<br \/>\nPorque Mi Ra\u00edz Usted No Quemar\u00e1.<br \/>\n??????<br \/>\nMis Hojas, Ramas Y Frutos Nuevamente Aparecer\u00e1n.<br \/>\n??????<br \/>\nPues El \u00c1rbol Que Dios Planta Nadie Arranca.<br \/>\n??????<br \/>\n\u00bb Dios Te Sustentar\u00e1 En Toda tu Vida En esa Tierra.<br \/>\n????????????<br \/>\nVenga El Fuego Que Venga.<br \/>\n??????<br \/>\nQu\u00e9dese Firme.<br \/>\n??????<br \/>\nPues Usted Es Un \u00c1rbol Plantado Por Dios.<br \/>\n??????<br \/>\n<strong>Entonces no importa la situaci\u00f3n que usted est\u00e9 pasando.<\/strong><br \/>\n<strong>Sus Ra\u00edces Est\u00e1n Firmes En Aqu\u00e9l Que Todo Lo Puede.<\/strong><br \/>\n??????????<br \/>\n<strong>Se Como Un \u00c1RBOL.<\/strong><\/p>\n","protected":false},"excerpt":{"rendered":"<p>Cuando El Fuego ????? Pasa Por la Selva ?????? Todos Corren&#8230; ???????? ?????? El Hombre Corre, ???????????? Los P\u00e1jaros Vuelan Para Otro Abrigo ?????? Y Hasta El Le\u00f3n, Por M\u00e1s Fuerte, Dominador Y Temido De La Selva, Tambi\u00e9n Corre. ?????? El \u00danico Que No Corre Es El \u00c1rbol. ?????? El Fuego Pregunta Al \u00c1rbol: ?????? [&hellip;]<\/p>\n","protected":false},"author":5,"featured_media":2243,"comment_status":"closed","ping_status":"closed","sticky":false,"template":"","format":"standard","meta":{"_crdt_document":"","_monsterinsights_skip_tracking":false,"_monsterinsights_sitenote_active":false,"_monsterinsights_sitenote_note":"","_monsterinsights_sitenote_category":0,"footnotes":""},"categories":[8],"tags":[46,45],"class_list":{"0":"post-2242","1":"post","2":"type-post","3":"status-publish","4":"format-standard","5":"has-post-thumbnail","6":"hentry","7":"category-reflexiones","8":"tag-arbol-plantado-por-dios","9":"tag-el-fuego-y-arbol","11":"post-with-thumbnail","12":"post-with-thumbnail-large"},"aioseo_notices":[],"_links":{"self":[{"href":"https:\/\/radiocristianaenlinea.com\/radiocristiana\/wp-json\/wp\/v2\/posts\/2242","targetHints":{"allow":["GET"]}}],"collection":[{"href":"https:\/\/radiocristianaenlinea.com\/radiocristiana\/wp-json\/wp\/v2\/posts"}],"about":[{"href":"https:\/\/radiocristianaenlinea.com\/radiocristiana\/wp-json\/wp\/v2\/types\/post"}],"author":[{"embeddable":true,"href":"https:\/\/radiocristianaenlinea.com\/radiocristiana\/wp-json\/wp\/v2\/users\/5"}],"replies":[{"embeddable":true,"href":"https:\/\/radiocristianaenlinea.com\/radiocristiana\/wp-json\/wp\/v2\/comments?post=2242"}],"version-history":[{"count":1,"href":"https:\/\/radiocristianaenlinea.com\/radiocristiana\/wp-json\/wp\/v2\/posts\/2242\/revisions"}],"predecessor-version":[{"id":2244,"href":"https:\/\/radiocristianaenlinea.com\/radiocristiana\/wp-json\/wp\/v2\/posts\/2242\/revisions\/2244"}],"wp:featuredmedia":[{"embeddable":true,"href":"https:\/\/radiocristianaenlinea.com\/radiocristiana\/wp-json\/wp\/v2\/media\/2243"}],"wp:attachment":[{"href":"https:\/\/radiocristianaenlinea.com\/radiocristiana\/wp-json\/wp\/v2\/media?parent=2242"}],"wp:term":[{"taxonomy":"category","embeddable":true,"href":"https:\/\/radiocristianaenlinea.com\/radiocristiana\/wp-json\/wp\/v2\/categories?post=2242"},{"taxonomy":"post_tag","embeddable":true,"href":"https:\/\/radiocristianaenlinea.com\/radiocristiana\/wp-json\/wp\/v2\/tags?post=2242"}],"curies":[{"name":"wp","href":"https:\/\/api.w.org\/{rel}","templated":true}]}}